{"id":997,"date":"2015-05-21T18:41:45","date_gmt":"2015-05-21T21:41:45","guid":{"rendered":"http:\/\/etecia.com.br\/portaletecia\/?p=997"},"modified":"2015-05-21T18:41:45","modified_gmt":"2015-05-21T21:41:45","slug":"1a-feira-de-tcc-tecnico-em-administracao","status":"publish","type":"post","link":"https:\/\/etecia.com.br\/?p=997","title":{"rendered":"1\u00aa Feira de TCC &#8211; T\u00e9cnico em Administra\u00e7\u00e3o"},"content":{"rendered":"<p class=\"wp-caption-text\" style=\"text-align: left;\" align=\"center\">A Escola T\u00e9cnica Irm\u00e3 Agostina realizou nesta quarta- feira (20\/05\/2015) sua\u00a01\u00aa\u00a0 Feira de Trabalho de Conclus\u00e3o de Curso do T\u00e9cnico em Administra\u00e7\u00e3o.Com o intuito de inovar, e proporcionar oportunidades de intera\u00e7\u00e3o com o conte\u00fado, pensar criticamente e usar \u00a0novas informa\u00e7\u00f5es, os professores Adriano Barbosa e Elizabel Souza, e o Coordenador de \u00c1rea\u00a0\u00c1lvaro Mendes\u00a0junto com seus alunos, apresentaram seus trabalhos de pesquisa com o formato de Feira, onde eles conseguiram mostrar a parte pr\u00e1tica desses conte\u00fados, compartilhando, assim, com todos que pertencem a esta Unidade de Ensino e\u00a0demais visitantes.<\/p>\n<p class=\"wp-caption-text\" style=\"text-align: left;\" align=\"center\"><img loading=\"lazy\" class=\"alignleft wp-image-1009 size-full\" src=\"http:\/\/etecia.com.br\/portaletecia\/wp-content\/uploads\/2015\/05\/feira_adm_min.jpg\" alt=\"feira_adm_min\" width=\"373\" height=\"296\" \/><\/p>\n","protected":false},"excerpt":{"rendered":"<p>A Escola T\u00e9cnica Irm\u00e3 Agostina realizou nesta quarta- feira (20\/05\/2015) sua\u00a01\u00aa\u00a0 Feira de Trabalho de Conclus\u00e3o de Curso do T\u00e9cnico em Administra\u00e7\u00e3o.Com o intuito de inovar, e proporcionar oportunidades de intera\u00e7\u00e3o com o conte\u00fado, pensar criticamente e usar \u00a0novas informa\u00e7\u00f5es, os professores Adriano Barbosa e Elizabel Souza, e o Coordenador de \u00c1rea\u00a0\u00c1lvaro Mendes\u00a0junto com seus&nbsp;&hellip;<\/p>\n","protected":false},"author":2,"featured_media":0,"comment_status":"closed","ping_status":"open","sticky":false,"template":"","format":"standard","meta":[],"categories":[11,2,7,4],"tags":[],"_links":{"self":[{"href":"https:\/\/etecia.com.br\/index.php?rest_route=\/wp\/v2\/posts\/997"}],"collection":[{"href":"https:\/\/etecia.com.br\/index.php?rest_route=\/wp\/v2\/posts"}],"about":[{"href":"https:\/\/etecia.com.br\/index.php?rest_route=\/wp\/v2\/types\/post"}],"author":[{"embeddable":true,"href":"https:\/\/etecia.com.br\/index.php?rest_route=\/wp\/v2\/users\/2"}],"replies":[{"embeddable":true,"href":"https:\/\/etecia.com.br\/index.php?rest_route=%2Fwp%2Fv2%2Fcomments&post=997"}],"version-history":[{"count":0,"href":"https:\/\/etecia.com.br\/index.php?rest_route=\/wp\/v2\/posts\/997\/revisions"}],"wp:attachment":[{"href":"https:\/\/etecia.com.br\/index.php?rest_route=%2Fwp%2Fv2%2Fmedia&parent=997"}],"wp:term":[{"taxonomy":"category","embeddable":true,"href":"https:\/\/etecia.com.br\/index.php?rest_route=%2Fwp%2Fv2%2Fcategories&post=997"},{"taxonomy":"post_tag","embeddable":true,"href":"https:\/\/etecia.com.br\/index.php?rest_route=%2Fwp%2Fv2%2Ftags&post=997"}],"curies":[{"name":"wp","href":"https:\/\/api.w.org\/{rel}","templated":true}]}}