{"id":989,"date":"2015-04-30T13:43:03","date_gmt":"2015-04-30T16:43:03","guid":{"rendered":"http:\/\/etecia.com.br\/portaletecia\/?p=989"},"modified":"2015-04-30T13:43:03","modified_gmt":"2015-04-30T16:43:03","slug":"resultado-do-processo-seletivo-00027792015","status":"publish","type":"post","link":"https:\/\/etecia.com.br\/?p=989","title":{"rendered":"Resultado do Processo Seletivo 0002779\/2015"},"content":{"rendered":"<p><strong>\u00a0<\/strong><\/p>\n<p><strong>AVISO N\u00b0 238\/02\/2015 de 18\/03\/2015. Processo n\u00b0 0002779\/2015.<\/strong><\/p>\n<p><strong>\u00a0<\/strong><\/p>\n<p><strong>AVISO DE RESULTADO DA AULA TESTE E CLASSIFICA\u00c7\u00c3O FINAL.<\/strong><\/p>\n<p>&nbsp;<\/p>\n<p>O Diretor de Escola T\u00e9cnica da ETEC IRM\u00c3 AGOSTINA, faz saber aos candidatos abaixo relacionados o resultado da AULA TESTE e CLASSIFICA\u00c7\u00c3O FINAL<\/p>\n<p>&nbsp;<\/p>\n<p><strong>Componente Curricular: 1. Sociologia\u00a0\u00a0\u00a0\u00a0\u00a0\u00a0\u00a0\u00a0\u00a0\u00a0\u00a0\u00a0\u00a0\u00a0\u00a0\u00a0\u00a0\u00a0\u00a0\u00a0\u00a0\u00a0\u00a0\u00a0\u00a0\u00a0\u00a0\u00a0\u00a0\u00a0\u00a0\u00a0\u00a0 \u00a0<\/strong><\/p>\n<p>Candidato (s) Aprovado (s)<\/p>\n<p>Licenciado (s)<\/p>\n<p>N\u00b0 de Inscri\u00e7\u00e3o\/ Nome\/ RG \/ Nota \/ Classifica\u00e7\u00e3o Final<\/p>\n<p>26\/ Kathleen Ferreira Angulo \/ 33.268.255-9\/ 92,66\/ 1\u00b0<\/p>\n<p>13\/ Sebasti\u00e3o Antunes Ribeiro Filho\/ 6.854.075-9\/ 88,33\/ 2\u00ba<\/p>\n<p>Candidatos (s) N\u00e3o Aprovados (S)<\/p>\n<p>N\u00b0 de Inscri\u00e7\u00e3o\/ RG\/ Nota da Prova Did\u00e1tica<\/p>\n<p>18\/ 42.151.113-8\/ 41,66<\/p>\n<p>Candidato(s) Ausente(s)<\/p>\n<p>N\u00b0 de Inscri\u00e7\u00e3o\/ RG<\/p>\n<p>04\/ 7.924.919-X<\/p>\n<p>16\/ 32.204.761-4<\/p>\n<p>20\/ 33.552.670-6<\/p>\n<p>&nbsp;<\/p>\n<p><strong>Componente Curricular: 2. Filosofia <\/strong><\/p>\n<p>Candidato (s) Aprovado (s)<\/p>\n<p>Licenciado (s)<\/p>\n<p>N\u00b0 de Inscri\u00e7\u00e3o\/ Nome\/ RG \/ Nota \/ Classifica\u00e7\u00e3o Final<\/p>\n<p>19\/ Rosimar Sousa Campos\/ 19.447.030-1\/ 57,70\/ 1\u00ba<\/p>\n<p>Candidatos (s) N\u00e3o Aprovados (S)<\/p>\n<p>N\u00b0 de Inscri\u00e7\u00e3o\/ RG\/Nota da Prova Did\u00e1tica<\/p>\n<p>18\/ 42.151.113-8\/ 30,70<\/p>\n<p>Candidato(s) Ausente(s)<\/p>\n<p>N\u00b0 de Inscri\u00e7\u00e3o\/ RG<\/p>\n<p>09\/ 26.473.556-0<\/p>\n<p>16\/ 32.204.761-4<\/p>\n<p>20\/ 33.552.670-6<\/p>\n<p>21\/ 36.254.415-3<\/p>\n<p>26\/ 33.268.255-9<\/p>\n<p>&nbsp;<\/p>\n<p><strong>\u00a0<\/strong><\/p>\n<p><strong>Componente Curricular: 3. Educa\u00e7\u00e3o F\u00edsica<\/strong><\/p>\n<p>Candidato (s) Aprovado (s)<\/p>\n<p>Licenciado (s)<\/p>\n<p>N\u00b0 de Inscri\u00e7\u00e3o\/ Nome\/ RG \/ Nota \/ Classifica\u00e7\u00e3o Final<\/p>\n<p>02\/ Fernando de Jesus Ferreira\/ 27.245.048-0\/ 83,33\/ 1\u00b0<\/p>\n<p>Candidatos (s) N\u00e3o Aprovados (S)<\/p>\n<p>N\u00b0 de Inscri\u00e7\u00e3o\/ RG\/Nota da Prova Did\u00e1tica<\/p>\n<p>01\/ 41.198.676-4\/ 33,70<\/p>\n<p>14\/ 44.333.674-X\/ 27,70<\/p>\n<p>Candidato(s) Ausente(s)<\/p>\n<p>N\u00b0 de Inscri\u00e7\u00e3o\/ RG<\/p>\n<p>10\/ 32.909.544-4<\/p>\n<p>&nbsp;<\/p>\n<p>&nbsp;<\/p>\n<p><strong>Componente Curricular: 4. F\u00edsica<\/strong><\/p>\n<p>Candidatos (s) N\u00e3o Aprovados (S)<\/p>\n<p>N\u00b0 de Inscri\u00e7\u00e3o\/ RG\/Nota da Prova Did\u00e1tica<\/p>\n<p>25\/ 14.415.287-3\/ 47,33<\/p>\n<p>Candidato(s) Ausente(s)<\/p>\n<p>N\u00b0 de Inscri\u00e7\u00e3o\/ RG<\/p>\n<p>06\/ 29.749.210-X<\/p>\n<p>17\/ 5.392.063-6<\/p>\n<p>&nbsp;<\/p>\n<p>&nbsp;<\/p>\n<p><strong>Componente Curricular: 5. Qu\u00edmica<\/strong><\/p>\n<p>Candidato(s) Aprovado(s)<\/p>\n<p>Licenciado (s)<\/p>\n<p>N\u00b0 de Inscri\u00e7\u00e3o\/ Nome\/ RG \/ Nota \/ Classifica\u00e7\u00e3o Final<\/p>\n<p>11\/ Fabio Rizzo de Aguiar\/ 26.530.257-2\/ 97,33\/ 1\u00ba<\/p>\n<p>15\/ Antonio Rodrigues Machado\/ 11.723.056-X\/ 67,00\/ 2\u00ba<\/p>\n<p>03\/ P\u00e9ricles Cabral Ferreira\/ 42.227.697-2\/ 51,00\/ 3\u00ba<\/p>\n<p>Candidatos (s) N\u00e3o Aprovados (S)<\/p>\n<p>N\u00b0 de Inscri\u00e7\u00e3o\/ RG\/Nota da Prova Did\u00e1tica<\/p>\n<p>24\/ 33.465.453-1-8\/ 46,66<\/p>\n<p>Candidato(s) Ausente(s)<\/p>\n<p>N\u00b0 de Inscri\u00e7\u00e3o\/ RG<\/p>\n<p>23\/ 36.236.605-6<\/p>\n<p>&nbsp;<\/p>\n<p>&nbsp;<\/p>\n<p><strong>Componente Curricular: 6. Programa\u00e7\u00e3o de Computadores I<\/strong><\/p>\n<p>Candidato(s) Aprovado(s)<\/p>\n<p>Graduado (s)<\/p>\n<p>N\u00b0 de Inscri\u00e7\u00e3o\/ Nome\/ RG \/ Nota \/ Classifica\u00e7\u00e3o Final<\/p>\n<p>22\/ Diego Oliveira de Araujo\/ 28.289.151-1\/ 80,33\/ 1\u00ba<\/p>\n<p>08\/ Antonio Henrique Mexas\/ 43.568.140-3\/ 59,00\/ 2\u00ba<\/p>\n<p>Candidato(s) Ausente(s)<\/p>\n<p>N\u00b0 de Inscri\u00e7\u00e3o\/ RG<\/p>\n<p>12\/ 41.460.627-9<\/p>\n<p>&nbsp;<\/p>\n<p>&nbsp;<\/p>\n<p><strong>Componente Curricular: 7. Programa\u00e7\u00e3o de Computadores II<\/strong><\/p>\n<p>Candidato(s) Aprovado(s)<\/p>\n<p>Graduado (s)<\/p>\n<p>N\u00b0 de Inscri\u00e7\u00e3o\/ Nome\/ RG \/ Nota \/ Classifica\u00e7\u00e3o Final<\/p>\n<p>08\/ Antonio Henrique Mexas\/ 43.568.140-3\/ 78,67\/ 1\u00ba<\/p>\n<p>&nbsp;<\/p>\n<p><strong>Componente Curricular: 8. T\u00e9cnicas de Programa\u00e7\u00e3o para Internet I<\/strong><\/p>\n<p>Candidato(s) Aprovado(s)<\/p>\n<p>Graduado (s)<\/p>\n<p>N\u00b0 de Inscri\u00e7\u00e3o\/ Nome\/ RG \/ Nota \/ Classifica\u00e7\u00e3o Final<\/p>\n<p>22\/ Diego Oliveira de Araujo\/ 28.289.151-1\/ 64,66\/ 1\u00ba<\/p>\n<p>Candidatos (s) N\u00e3o Aprovados (S)<\/p>\n<p>N\u00b0 de Inscri\u00e7\u00e3o\/ RG\/Nota da Prova Did\u00e1tica<\/p>\n<p>05\/ 35.786.935-7\/ 45,33<\/p>\n<p>Candidato(s) Ausente(s)<\/p>\n<p>N\u00b0 de Inscri\u00e7\u00e3o\/ RG<\/p>\n<p>07\/ 27.341.093-3<\/p>\n<p>12\/ 41.460.627-9<\/p>\n<p>&nbsp;<\/p>\n<p>&nbsp;<\/p>\n<p><strong>Componente Curricular: 9. T\u00e9cnicas de Programa\u00e7\u00e3o para Internet II<\/strong><\/p>\n<p>Candidato(s) Aprovado(s)<\/p>\n<p>Graduado (s)<\/p>\n<p>N\u00b0 de Inscri\u00e7\u00e3o\/ Nome\/ RG \/ Nota \/ Classifica\u00e7\u00e3o Final<\/p>\n<p>05\/ Rafael Reimberg Lima\/ 35.786.935-7\/ 71,00\/ 1\u00ba<\/p>\n<p>Candidato(s) Ausente(s)<\/p>\n<p>N\u00b0 de Inscri\u00e7\u00e3o\/ RG<\/p>\n<p>07\/ 27.341.093-3<\/p>\n<p>&nbsp;<\/p>\n<p>&nbsp;<\/p>\n","protected":false},"excerpt":{"rendered":"<p>\u00a0 AVISO N\u00b0 238\/02\/2015 de 18\/03\/2015. Processo n\u00b0 0002779\/2015. \u00a0 AVISO DE RESULTADO DA AULA TESTE E CLASSIFICA\u00c7\u00c3O FINAL. &nbsp; O Diretor de Escola T\u00e9cnica da ETEC IRM\u00c3 AGOSTINA, faz saber aos candidatos abaixo relacionados o resultado da AULA TESTE e CLASSIFICA\u00c7\u00c3O FINAL &nbsp; Componente Curricular: 1. Sociologia\u00a0\u00a0\u00a0\u00a0\u00a0\u00a0\u00a0\u00a0\u00a0\u00a0\u00a0\u00a0\u00a0\u00a0\u00a0\u00a0\u00a0\u00a0\u00a0\u00a0\u00a0\u00a0\u00a0\u00a0\u00a0\u00a0\u00a0\u00a0\u00a0\u00a0\u00a0\u00a0\u00a0 \u00a0 Candidato (s) Aprovado (s) Licenciado (s)&nbsp;&hellip;<\/p>\n","protected":false},"author":1,"featured_media":0,"comment_status":"closed","ping_status":"open","sticky":false,"template":"","format":"standard","meta":[],"categories":[8,2],"tags":[],"_links":{"self":[{"href":"https:\/\/etecia.com.br\/index.php?rest_route=\/wp\/v2\/posts\/989"}],"collection":[{"href":"https:\/\/etecia.com.br\/index.php?rest_route=\/wp\/v2\/posts"}],"about":[{"href":"https:\/\/etecia.com.br\/index.php?rest_route=\/wp\/v2\/types\/post"}],"author":[{"embeddable":true,"href":"https:\/\/etecia.com.br\/index.php?rest_route=\/wp\/v2\/users\/1"}],"replies":[{"embeddable":true,"href":"https:\/\/etecia.com.br\/index.php?rest_route=%2Fwp%2Fv2%2Fcomments&post=989"}],"version-history":[{"count":0,"href":"https:\/\/etecia.com.br\/index.php?rest_route=\/wp\/v2\/posts\/989\/revisions"}],"wp:attachment":[{"href":"https:\/\/etecia.com.br\/index.php?rest_route=%2Fwp%2Fv2%2Fmedia&parent=989"}],"wp:term":[{"taxonomy":"category","embeddable":true,"href":"https:\/\/etecia.com.br\/index.php?rest_route=%2Fwp%2Fv2%2Fcategories&post=989"},{"taxonomy":"post_tag","embeddable":true,"href":"https:\/\/etecia.com.br\/index.php?rest_route=%2Fwp%2Fv2%2Ftags&post=989"}],"curies":[{"name":"wp","href":"https:\/\/api.w.org\/{rel}","templated":true}]}}