{"id":972,"date":"2015-03-13T14:41:56","date_gmt":"2015-03-13T17:41:56","guid":{"rendered":"http:\/\/etecia.com.br\/portaletecia\/?p=972"},"modified":"2015-03-13T14:41:56","modified_gmt":"2015-03-13T17:41:56","slug":"novo-processo-seletivo-para-professores","status":"publish","type":"post","link":"https:\/\/etecia.com.br\/?p=972","title":{"rendered":"Novo Processo Seletivo para Professores"},"content":{"rendered":"<p><strong>\u00a0<\/strong><\/p>\n<p><strong>\u00a0<\/strong><\/p>\n<p><strong> ETEC IRM\u00c3 AGOSTINA \u2013 S\u00c3O PAULO<\/strong><\/p>\n<p><strong>\u00a0\u00a0\u00a0\u00a0\u00a0\u00a0\u00a0\u00a0\u00a0\u00a0\u00a0\u00a0\u00a0\u00a0\u00a0\u00a0\u00a0\u00a0\u00a0\u00a0\u00a0\u00a0\u00a0\u00a0\u00a0\u00a0\u00a0\u00a0\u00a0\u00a0\u00a0\u00a0\u00a0\u00a0\u00a0\u00a0\u00a0\u00a0\u00a0\u00a0\u00a0\u00a0\u00a0\u00a0\u00a0\u00a0\u00a0\u00a0\u00a0\u00a0\u00a0\u00a0\u00a0\u00a0\u00a0\u00a0\u00a0\u00a0\u00a0\u00a0\u00a0\u00a0\u00a0\u00a0\u00a0\u00a0\u00a0\u00a0\u00a0\u00a0\u00a0\u00a0\u00a0\u00a0\u00a0\u00a0\u00a0\u00a0\u00a0\u00a0\u00a0\u00a0\u00a0 <\/strong><\/p>\n<p><strong>AVISO DE ABERTURA DE INSCRI\u00c7\u00d5ES AO PROCESSO SELETIVO DE DOCENTES, OBJETIVANDO A FORMA\u00c7\u00c3O DE CADASTRO PARA CONTRATA\u00c7\u00c3O TEMPOR\u00c1RIA DE EXCEPCIONAL INTERESSE P\u00daBLICO, N\u00ba 238\/02\/2015 de 18\/03\/2015. Processo n\u00ba.<\/strong><\/p>\n<p><strong>\u00a0<\/strong><\/p>\n<p>O Diretor de Escola T\u00e9cnica da ETEC Irm\u00e3 Agostina, da cidade de S\u00e3o Paulo, com fundamento no Comunicado CEETEPS-1, de 30.01.2009, publicado no DOE de 31.01.2009, com altera\u00e7\u00f5es introduzidas pelos Comunicados CEETEPS n<sup>os<\/sup> 3, 5\/2009 , 2\/2010 e 2\/2011, faz saber que encontram-se abertas as inscri\u00e7\u00f5es aos Processos Seletivos para a forma\u00e7\u00e3o de cadastro de docentes, nos componentes e grupos de componentes curriculares a seguir discriminados:<\/p>\n<p>&nbsp;<\/p>\n<p><strong>\u00a0<\/strong><\/p>\n<p><strong>&#8211; COMPONENTE CURRICULAR (CURSO E\/OU HABILITA\u00c7\u00c3O): <\/strong><\/p>\n<p><strong>\u00a0<\/strong><\/p>\n<ol>\n<li>Sociologia (Base Nacional Comum &#8211; Ensino M\u00e9dio);<\/li>\n<li>Filosofia (Base Nacional Comum \u2013 Ensino M\u00e9dio);<\/li>\n<li>Educa\u00e7\u00e3o F\u00edsica (Base Nacional Comum \u2013 Ensino M\u00e9dio);<\/li>\n<li>F\u00edsica (Base Nacional Comum \u2013 Ensino M\u00e9dio);<\/li>\n<li>Qu\u00edmica (Base Nacional Comum \u2013 Ensino M\u00e9dio);<\/li>\n<li>Programa\u00e7\u00e3o de Computadores I (Inform\u00e1tica);<\/li>\n<li>Programa\u00e7\u00e3o de Computadores II (Inform\u00e1tica);<\/li>\n<li>T\u00e9cnicas de Programa\u00e7\u00e3o para Internet I (Inform\u00e1tica);<\/li>\n<li>T\u00e9cnicas de Programa\u00e7\u00e3o para Internet II (Inform\u00e1tica).<\/li>\n<\/ol>\n<p>&nbsp;<\/p>\n<p>&nbsp;<\/p>\n<p><strong>I \u2013 Per\u00edodo, local de inscri\u00e7\u00f5es e valor da hora aula.<\/strong><\/p>\n<p>&nbsp;<\/p>\n<ol>\n<li>As inscri\u00e7\u00f5es ser\u00e3o recebidas no per\u00edodo de 30\/03\/2015 a 02\/04\/2015, no hor\u00e1rio das 09h00min \u00e0s 17h00min horas.<\/li>\n<li>Local de inscri\u00e7\u00f5es &#8211; ETEC Irm\u00e3 Agostina<\/li>\n<\/ol>\n<p>Endere\u00e7o: Av. Feliciano Correia s\/ n\u00ba,<\/p>\n<p>Bairro Jardim Sat\u00e9lite &#8211; Cidade S\u00e3o Paulo<\/p>\n<p>Telefone 5667-3973 site <a href=\"http:\/\/etecia.com.br\">www.etecia.com.br<\/a><\/p>\n<ol start=\"3\">\n<li>O valor da hora-aula prestada \u00e9 de R$ 17,15 (dezessete reais e quinze centavos), correspondente a Professor de Ensino M\u00e9dio e T\u00e9cnico.<\/li>\n<\/ol>\n<p>&nbsp;<\/p>\n<p><strong>II \u2013 Recolher \u00e1 Associa\u00e7\u00e3o de Pais e Mestres \u2013 APM da Unidade de Ensino, a taxa no valor de R$ 10,00 (dez reais), por inscri\u00e7\u00e3o, a t\u00edtulo de ressarcimento de despesas com o material e servi\u00e7os. (Comunicado CEETEPS &#8211; regras do processo seletivo encontram-se nos Comunicados CEETEPS \u2013 3 de 07.05.2009, publicado no DOE de 09.05.2009.) acima citados.<\/strong><\/p>\n<p><strong>\u00a0<\/strong><\/p>\n<p><strong>III \u2013 As regras do processo seletivo encontram-se nos Comunicados CEETEPS acima citados<\/strong><\/p>\n<p><strong>\u00a0<\/strong><\/p>\n<p><strong>IV- O Aviso supra, os Comunicados CEETEPS n\u00ba<sup>s<\/sup> 1, 3, 5\/2009, 2\/2010, e 2\/2011, e a Delibera\u00e7\u00e3o CEETEPS-2\/2009 de 28.01.2009, divulgada no DOE de 29.01.2009, encontram-se afixados nas depend\u00eancias da ETEC.<\/strong><\/p>\n<p><strong>\u00a0<\/strong><\/p>\n<p>&nbsp;<\/p>\n<p>S\u00e3o Paulo, 18 de Mar\u00e7o de 2015.<\/p>\n<p>&nbsp;<\/p>\n","protected":false},"excerpt":{"rendered":"<p>\u00a0 \u00a0 ETEC IRM\u00c3 AGOSTINA \u2013 S\u00c3O PAULO \u00a0\u00a0\u00a0\u00a0\u00a0\u00a0\u00a0\u00a0\u00a0\u00a0\u00a0\u00a0\u00a0\u00a0\u00a0\u00a0\u00a0\u00a0\u00a0\u00a0\u00a0\u00a0\u00a0\u00a0\u00a0\u00a0\u00a0\u00a0\u00a0\u00a0\u00a0\u00a0\u00a0\u00a0\u00a0\u00a0\u00a0\u00a0\u00a0\u00a0\u00a0\u00a0\u00a0\u00a0\u00a0\u00a0\u00a0\u00a0\u00a0\u00a0\u00a0\u00a0\u00a0\u00a0\u00a0\u00a0\u00a0\u00a0\u00a0\u00a0\u00a0\u00a0\u00a0\u00a0\u00a0\u00a0\u00a0\u00a0\u00a0\u00a0\u00a0\u00a0\u00a0\u00a0\u00a0\u00a0\u00a0\u00a0\u00a0\u00a0\u00a0\u00a0\u00a0 AVISO DE ABERTURA DE INSCRI\u00c7\u00d5ES AO PROCESSO SELETIVO DE DOCENTES, OBJETIVANDO A FORMA\u00c7\u00c3O DE CADASTRO PARA CONTRATA\u00c7\u00c3O TEMPOR\u00c1RIA DE EXCEPCIONAL INTERESSE P\u00daBLICO, N\u00ba 238\/02\/2015 de 18\/03\/2015. Processo n\u00ba. \u00a0 O Diretor de Escola T\u00e9cnica da ETEC Irm\u00e3 Agostina, da cidade de S\u00e3o Paulo, com fundamento no&nbsp;&hellip;<\/p>\n","protected":false},"author":1,"featured_media":0,"comment_status":"closed","ping_status":"open","sticky":false,"template":"","format":"standard","meta":[],"categories":[8,2],"tags":[],"_links":{"self":[{"href":"https:\/\/etecia.com.br\/index.php?rest_route=\/wp\/v2\/posts\/972"}],"collection":[{"href":"https:\/\/etecia.com.br\/index.php?rest_route=\/wp\/v2\/posts"}],"about":[{"href":"https:\/\/etecia.com.br\/index.php?rest_route=\/wp\/v2\/types\/post"}],"author":[{"embeddable":true,"href":"https:\/\/etecia.com.br\/index.php?rest_route=\/wp\/v2\/users\/1"}],"replies":[{"embeddable":true,"href":"https:\/\/etecia.com.br\/index.php?rest_route=%2Fwp%2Fv2%2Fcomments&post=972"}],"version-history":[{"count":0,"href":"https:\/\/etecia.com.br\/index.php?rest_route=\/wp\/v2\/posts\/972\/revisions"}],"wp:attachment":[{"href":"https:\/\/etecia.com.br\/index.php?rest_route=%2Fwp%2Fv2%2Fmedia&parent=972"}],"wp:term":[{"taxonomy":"category","embeddable":true,"href":"https:\/\/etecia.com.br\/index.php?rest_route=%2Fwp%2Fv2%2Fcategories&post=972"},{"taxonomy":"post_tag","embeddable":true,"href":"https:\/\/etecia.com.br\/index.php?rest_route=%2Fwp%2Fv2%2Ftags&post=972"}],"curies":[{"name":"wp","href":"https:\/\/api.w.org\/{rel}","templated":true}]}}