{"id":949,"date":"2015-01-26T11:15:13","date_gmt":"2015-01-26T14:15:13","guid":{"rendered":"http:\/\/etecia.com.br\/portaletecia\/?p=949"},"modified":"2015-01-26T11:15:13","modified_gmt":"2015-01-26T14:15:13","slug":"processo-seletivo-de-docentes-2015","status":"publish","type":"post","link":"https:\/\/etecia.com.br\/?p=949","title":{"rendered":"Processo Seletivo de Docentes 2015"},"content":{"rendered":"<p>A ETEC Irm\u00e3 Agostina abriu cadastro para o processo seletivo de docentes em diversas disciplinas.<\/p>\n<p>As inscri\u00e7\u00f5es ser\u00e3o recebidas no per\u00edodo de 26\/01 a 30\/01 e de 02\/02 a 06\/02\/2015, no hor\u00e1rio das 09h00min \u00e0s 17h30min horas na pr\u00f3pria escola.<\/p>\n<p>Veja a rela\u00e7\u00e3o das disciplinas:<\/p>\n<ol>\n<li>Qu\u00edmica (Base Nacional Comum &#8211; Ensino M\u00e9dio);<\/li>\n<li>F\u00edsica (Base Nacional Comum \u2013 Ensino M\u00e9dio);<\/li>\n<li>Matem\u00e1tica (Base Nacional Comum \u2013 Ensino M\u00e9dio);<\/li>\n<li>Hist\u00f3ria (Base Nacional Comum \u2013 Ensino M\u00e9dio);<\/li>\n<li>L\u00edngua Portuguesa e Literatura (Base Nacional Comum &#8212; Ensino M\u00e9dio);<\/li>\n<li>Geografia (Base Nacional Comum &#8212; Ensino M\u00e9dio);<\/li>\n<li>Gest\u00e3o Empresarial (Administra\u00e7\u00e3o Integrada ao Ensino M\u00e9dio);<\/li>\n<li>Custos, Processos e Opera\u00e7\u00f5es Cont\u00e1beis (Administra\u00e7\u00e3o Integrada ao Ensino M\u00e9dio);<\/li>\n<li>Qu\u00edmica dos Alimentos (Qu\u00edmica);<\/li>\n<li>Higiene dos Alimentos (Nutri\u00e7\u00e3o e Diet\u00e9tica);<\/li>\n<li>Boas Pr\u00e1ticas em Unidades Produtoras de Refei\u00e7\u00f5es (Nutri\u00e7\u00e3o e Diet\u00e9tica);<\/li>\n<li>Instala\u00e7\u00e3o e Manuten\u00e7\u00e3o de Computadores (Inform\u00e1tica);<\/li>\n<li>Opera\u00e7\u00e3o de Software Aplicativo (Inform\u00e1tica);<\/li>\n<li>Empreendedorismo e Inova\u00e7\u00e3o (Inform\u00e1tica).<\/li>\n<li>Opera\u00e7\u00f5es Unit\u00e1rias nos Processos Industriais I (Qu\u00edmica);<\/li>\n<li>Opera\u00e7\u00f5es Unit\u00e1rias nos Processos Industriais II (Qu\u00edmica);<\/li>\n<li>S\u00edntese e Identifica\u00e7\u00e3o dos Compostos Org\u00e2nicos I (Qu\u00edmica);<\/li>\n<li>S\u00edntese e Identifica\u00e7\u00e3o dos Compostos Org\u00e2nicos II (Qu\u00edmica);<\/li>\n<li>Programa\u00e7\u00e3o de Computadores I e II (Inform\u00e1tica);<\/li>\n<li>Desenvolvimento de Software I e II (Inform\u00e1tica);<\/li>\n<li>T\u00e9cnicas de Linguagens para Banco de Dados I, II e III (Inform\u00e1tica);<\/li>\n<li>Tecnologia de Materiais Inorg\u00e2nicos I e II (Qu\u00edmica).<\/li>\n<li>T\u00e9cnica Diet\u00e9tica I, II e III (Nutri\u00e7\u00e3o e Diet\u00e9tica);<\/li>\n<\/ol>\n<p>Para mais detalhes, <a href=\"http:\/\/etecia.com.br\/portaletecia\/wp-content\/uploads\/2015\/01\/2-238-01-2014-AVISO-DE-ABERTURA-3.pdf\" target=\"_blank\">clique aqui<\/a>.<\/p>\n<p>&nbsp;<\/p>\n","protected":false},"excerpt":{"rendered":"<p>A ETEC Irm\u00e3 Agostina abriu cadastro para o processo seletivo de docentes em diversas disciplinas. As inscri\u00e7\u00f5es ser\u00e3o recebidas no per\u00edodo de 26\/01 a 30\/01 e de 02\/02 a 06\/02\/2015, no hor\u00e1rio das 09h00min \u00e0s 17h30min horas na pr\u00f3pria escola. Veja a rela\u00e7\u00e3o das disciplinas: Qu\u00edmica (Base Nacional Comum &#8211; Ensino M\u00e9dio); F\u00edsica (Base Nacional&nbsp;&hellip;<\/p>\n","protected":false},"author":1,"featured_media":0,"comment_status":"closed","ping_status":"open","sticky":false,"template":"","format":"standard","meta":[],"categories":[2],"tags":[],"_links":{"self":[{"href":"https:\/\/etecia.com.br\/index.php?rest_route=\/wp\/v2\/posts\/949"}],"collection":[{"href":"https:\/\/etecia.com.br\/index.php?rest_route=\/wp\/v2\/posts"}],"about":[{"href":"https:\/\/etecia.com.br\/index.php?rest_route=\/wp\/v2\/types\/post"}],"author":[{"embeddable":true,"href":"https:\/\/etecia.com.br\/index.php?rest_route=\/wp\/v2\/users\/1"}],"replies":[{"embeddable":true,"href":"https:\/\/etecia.com.br\/index.php?rest_route=%2Fwp%2Fv2%2Fcomments&post=949"}],"version-history":[{"count":0,"href":"https:\/\/etecia.com.br\/index.php?rest_route=\/wp\/v2\/posts\/949\/revisions"}],"wp:attachment":[{"href":"https:\/\/etecia.com.br\/index.php?rest_route=%2Fwp%2Fv2%2Fmedia&parent=949"}],"wp:term":[{"taxonomy":"category","embeddable":true,"href":"https:\/\/etecia.com.br\/index.php?rest_route=%2Fwp%2Fv2%2Fcategories&post=949"},{"taxonomy":"post_tag","embeddable":true,"href":"https:\/\/etecia.com.br\/index.php?rest_route=%2Fwp%2Fv2%2Ftags&post=949"}],"curies":[{"name":"wp","href":"https:\/\/api.w.org\/{rel}","templated":true}]}}