{"id":929,"date":"2014-12-10T15:47:31","date_gmt":"2014-12-10T18:47:31","guid":{"rendered":"http:\/\/etecia.com.br\/portaletecia\/?p=929"},"modified":"2014-12-10T15:47:31","modified_gmt":"2014-12-10T18:47:31","slug":"abertas-inscricoes-para-processo-seletivo-coordenador-pedagogico","status":"publish","type":"post","link":"https:\/\/etecia.com.br\/?p=929","title":{"rendered":"Abertas Inscri\u00e7\u00f5es para Processo Seletivo Coordenador Pedag\u00f3gico"},"content":{"rendered":"<p>O Diretor da Escola T\u00e9cnica Estadual Irm\u00e3 Agostina, da cidade de S\u00e3o Paulo, com fundamento na Delibera\u00e7\u00e3o CEETEPS no. 07, de 14 de dezembro de 2014, faz saber que encontram-se abertas as inscri\u00e7\u00f5es ao Processo Seletivo para indica\u00e7\u00e3o de professores Coordenadores de Projetos respons\u00e1veis pela coordena\u00e7\u00e3o pedag\u00f3gica de Escolas T\u00e9cnicas Estaduais.<\/p>\n<ol>\n<li>As inscri\u00e7\u00f5es ser\u00e3o recebidas no per\u00edodo de 17\/12\/2014 at\u00e9 23\/12\/2014, no hor\u00e1rio das 09h \u00e0s 18h, na Etec Irm\u00e3 Agostina, situada na Av. Feliciano Correis, s\/n &#8211; Jardim Sat\u00e9lite &#8211; SP 04164-140, (11) 5667-3971.<\/li>\n<li>A aplica\u00e7\u00e3o do question\u00e1rio ser\u00e1 na data de 07\/01\/2015 \u00e0s 15hrs.<\/li>\n<li>A entrevista ocorrer\u00e1 aos 09\/01\/2014 \u00e0s 14hrs.<\/li>\n<li>Na Etec Irm\u00e3 Agostina o Coordenador Respons\u00e1vel pela Coordena\u00e7\u00e3o Pedag\u00f3gica contar\u00e1 com 32 HAE\u00b4s, remuneradas na sua categoria, acrescida de gratifica\u00e7\u00e3o prevista no artigo 30 da Lei 1.044, de 13\/05\/2014.<\/li>\n<\/ol>\n","protected":false},"excerpt":{"rendered":"<p>O Diretor da Escola T\u00e9cnica Estadual Irm\u00e3 Agostina, da cidade de S\u00e3o Paulo, com fundamento na Delibera\u00e7\u00e3o CEETEPS no. 07, de 14 de dezembro de 2014, faz saber que encontram-se abertas as inscri\u00e7\u00f5es ao Processo Seletivo para indica\u00e7\u00e3o de professores Coordenadores de Projetos respons\u00e1veis pela coordena\u00e7\u00e3o pedag\u00f3gica de Escolas T\u00e9cnicas Estaduais. As inscri\u00e7\u00f5es ser\u00e3o recebidas&nbsp;&hellip;<\/p>\n","protected":false},"author":1,"featured_media":0,"comment_status":"closed","ping_status":"open","sticky":false,"template":"","format":"standard","meta":[],"categories":[2],"tags":[],"_links":{"self":[{"href":"https:\/\/etecia.com.br\/index.php?rest_route=\/wp\/v2\/posts\/929"}],"collection":[{"href":"https:\/\/etecia.com.br\/index.php?rest_route=\/wp\/v2\/posts"}],"about":[{"href":"https:\/\/etecia.com.br\/index.php?rest_route=\/wp\/v2\/types\/post"}],"author":[{"embeddable":true,"href":"https:\/\/etecia.com.br\/index.php?rest_route=\/wp\/v2\/users\/1"}],"replies":[{"embeddable":true,"href":"https:\/\/etecia.com.br\/index.php?rest_route=%2Fwp%2Fv2%2Fcomments&post=929"}],"version-history":[{"count":0,"href":"https:\/\/etecia.com.br\/index.php?rest_route=\/wp\/v2\/posts\/929\/revisions"}],"wp:attachment":[{"href":"https:\/\/etecia.com.br\/index.php?rest_route=%2Fwp%2Fv2%2Fmedia&parent=929"}],"wp:term":[{"taxonomy":"category","embeddable":true,"href":"https:\/\/etecia.com.br\/index.php?rest_route=%2Fwp%2Fv2%2Fcategories&post=929"},{"taxonomy":"post_tag","embeddable":true,"href":"https:\/\/etecia.com.br\/index.php?rest_route=%2Fwp%2Fv2%2Ftags&post=929"}],"curies":[{"name":"wp","href":"https:\/\/api.w.org\/{rel}","templated":true}]}}