{"id":920,"date":"2014-11-11T14:50:45","date_gmt":"2014-11-11T17:50:45","guid":{"rendered":"http:\/\/etecia.com.br\/portaletecia\/?p=920"},"modified":"2014-11-11T14:50:45","modified_gmt":"2014-11-11T17:50:45","slug":"vagas-remanescentes-2015-primeiro-semestre","status":"publish","type":"post","link":"https:\/\/etecia.com.br\/?p=920","title":{"rendered":"Vagas Remanescentes 2015 &#8211; primeiro semestre"},"content":{"rendered":"<p style=\"color: #5c5c5c;\">O processo de vagas remanescentes permite que pessoas que j\u00e1 possuem conhecimentos b\u00e1sicos na \u00e1rea do curso possam iniciar os estudos a partir do segundo m\u00f3dulo\/s\u00e9rie.<\/p>\n<p style=\"color: #5c5c5c;\">Os candidatos \u00e0s vagas devem ter obtido as compet\u00eancias b\u00e1sicas atrav\u00e9s de :<\/p>\n<ul style=\"color: #5c5c5c;\">\n<li>Cursos da \u00e1rea;<\/li>\n<li>Cursos n\u00e3o formais;<\/li>\n<li>Experi\u00eancias Profissional.<\/li>\n<\/ul>\n<p style=\"color: #5c5c5c;\">As inscri\u00e7\u00f5es dever\u00e3o ser realizadas pelo candidato na secretaria da escola no per\u00edodo de 05\/11\u00a0a 28\/11\u00a0de 2014 no hor\u00e1rio de funcionamento da secretaria. Os candidatos devem levar a seguinte rela\u00e7\u00e3o de documentos para a inscri\u00e7\u00e3o:<\/p>\n<ul style=\"color: #5c5c5c;\">\n<li>Requerimento pr\u00f3prio fornecido pela Escola, completamente preenchido;<\/li>\n<li>Copia simples da C\u00e9dula de Identidade (RG)<\/li>\n<li>C\u00f3pia simples do hist\u00f3rico escolar de conclus\u00e3o do Ensino M\u00e9dio \/ \u00a02\u00ba Grau\u00a0 ou declara\u00e7\u00e3o firmada pela dire\u00e7\u00e3o da escola de origem de que est\u00e1 matriculado na 2\u00aa ou 3\u00aa s\u00e9rie do Ensino M\u00e9dio ou do certificados de elimina\u00e7\u00e3o de no m\u00ednimo 4 (quatro) disciplinas ou certificado de aprova\u00e7\u00e3o em 2(duas) \u00e1reas de estudos para candidato que tenha cursado a Educa\u00e7\u00e3o de Jovens e Adultos (EJA);<\/li>\n<li>Declara\u00e7\u00e3o da escola de origem comprovando estudos anteriores realizados em Cursos T\u00e9cnicos;<\/li>\n<li>Comprovantes de cursos realizados fora do sistema formal de ensino;<\/li>\n<li>C\u00f3pia simples dos documentos a seguir relacionados, exclusivos para comprova\u00e7\u00e3o de compet\u00eancias adquiridas no trabalho:<\/li>\n<\/ul>\n<ol style=\"color: #5c5c5c;\">\n<li>Carteira Profissional e\/ou comprovante de exerc\u00edcio profissional<\/li>\n<li>Declara\u00e7\u00e3o de aut\u00f4nomo com n\u00famero de inscri\u00e7\u00e3o no ISSQN<\/li>\n<li>C\u00f3pia de contrato social para propriet\u00e1rios de empresa<\/li>\n<\/ol>\n<p style=\"color: #5c5c5c;\">O processo ser\u00e1 realizado em duas fases:<\/p>\n<p style=\"color: #5c5c5c;\"><strong>Fase 1:\u00a0<\/strong><\/p>\n<p style=\"color: #5c5c5c;\">&#8211; avalia\u00e7\u00e3o dos documentos<\/p>\n<p style=\"color: #5c5c5c;\">&#8211; an\u00e1lise da auto-avalia\u00e7\u00e3o preenchida pelo candidato no ato da inscri\u00e7\u00e3o<\/p>\n<p style=\"color: #5c5c5c;\">&#8211; Prova te\u00f3rica realizada no dia 03\u00a0de dezembro\u00a0de 2014 das 13:00 as 16:00 na ETEC.<\/p>\n<p style=\"color: #5c5c5c;\"><strong>Fase 2:<\/strong><\/p>\n<p style=\"color: #5c5c5c;\">&#8211; Entrevista e avalia\u00e7\u00e3o pr\u00e1tica (a data ser\u00e1 divulgada juntamente com o resultado da fase 1)<\/p>\n<p style=\"color: #5c5c5c;\">O resultado ser\u00e1 divulgado na ETEC no dia 19 de dezembro\u00a0a partir das 14:00.<\/p>\n<p style=\"color: #5c5c5c;\">N\u00e3o deixe de ler o edital completo do processo de vagas remanescentes:\u00a0<a href=\"http:\/\/etecia.com.br\/portaletecia\/wp-content\/uploads\/2014\/11\/Edital-de-vagas-2015_1.pdf\" target=\"_blank\">Edital 4, de 04\/11\/2014<\/a><\/p>\n","protected":false},"excerpt":{"rendered":"<p>O processo de vagas remanescentes permite que pessoas que j\u00e1 possuem conhecimentos b\u00e1sicos na \u00e1rea do curso possam iniciar os estudos a partir do segundo m\u00f3dulo\/s\u00e9rie. Os candidatos \u00e0s vagas devem ter obtido as compet\u00eancias b\u00e1sicas atrav\u00e9s de : Cursos da \u00e1rea; Cursos n\u00e3o formais; Experi\u00eancias Profissional. As inscri\u00e7\u00f5es dever\u00e3o ser realizadas pelo candidato na&nbsp;&hellip;<\/p>\n","protected":false},"author":1,"featured_media":0,"comment_status":"closed","ping_status":"open","sticky":false,"template":"","format":"standard","meta":[],"categories":[2],"tags":[],"_links":{"self":[{"href":"https:\/\/etecia.com.br\/index.php?rest_route=\/wp\/v2\/posts\/920"}],"collection":[{"href":"https:\/\/etecia.com.br\/index.php?rest_route=\/wp\/v2\/posts"}],"about":[{"href":"https:\/\/etecia.com.br\/index.php?rest_route=\/wp\/v2\/types\/post"}],"author":[{"embeddable":true,"href":"https:\/\/etecia.com.br\/index.php?rest_route=\/wp\/v2\/users\/1"}],"replies":[{"embeddable":true,"href":"https:\/\/etecia.com.br\/index.php?rest_route=%2Fwp%2Fv2%2Fcomments&post=920"}],"version-history":[{"count":0,"href":"https:\/\/etecia.com.br\/index.php?rest_route=\/wp\/v2\/posts\/920\/revisions"}],"wp:attachment":[{"href":"https:\/\/etecia.com.br\/index.php?rest_route=%2Fwp%2Fv2%2Fmedia&parent=920"}],"wp:term":[{"taxonomy":"category","embeddable":true,"href":"https:\/\/etecia.com.br\/index.php?rest_route=%2Fwp%2Fv2%2Fcategories&post=920"},{"taxonomy":"post_tag","embeddable":true,"href":"https:\/\/etecia.com.br\/index.php?rest_route=%2Fwp%2Fv2%2Ftags&post=920"}],"curies":[{"name":"wp","href":"https:\/\/api.w.org\/{rel}","templated":true}]}}