{"id":881,"date":"2014-06-09T11:54:25","date_gmt":"2014-06-09T14:54:25","guid":{"rendered":"http:\/\/etecia.com.br\/portaletecia\/?p=881"},"modified":"2014-06-09T11:54:25","modified_gmt":"2014-06-09T14:54:25","slug":"abertas-inscricoes-para-intercambio-cultural-2","status":"publish","type":"post","link":"https:\/\/etecia.com.br\/?p=881","title":{"rendered":"Abertas inscri\u00e7\u00f5es para Interc\u00e2mbio Cultural"},"content":{"rendered":"<p>O Centro Paula Souza abre o processo de Sele\u00e7\u00e3o para <strong><em>Alunos dos Cursos T\u00e9cnico e Tecnol\u00f3gico. <\/em><\/strong>Ser\u00e3o ofertadas 270 bolsas para o Programa de Interc\u00e2mbio Cultural do Centro Paula Souza, com um <strong><em>Curso Imers\u00e3o de L\u00edngua Inglesa, <\/em><\/strong>divididas entre os Estados Unidos, Inglaterra e Nova Zel\u00e2ndia e mais 40 bolsas Programa de Interc\u00e2mbio com um <strong><em>Curso Imers\u00e3o de L\u00edngua Espanhola, <\/em><\/strong>divididas entre Argentina e Chile aos <strong>ALUNOS CONCLUINTES<\/strong> da rede com o melhor desempenho acad\u00eamico, no 1\u00ba semestre de 2014. Para participar do processo seletivo \u00e9 necess\u00e1rio que o perfil do aluno seja condizente com o programa, conforme segue:<\/p>\n<p><strong>INFORMA\u00c7\u00d5ES SOBRE O PROGRAMA \u2013 INGL\u00caS<\/strong><\/p>\n<ul>\n<li><strong style=\"color: #000000; font-style: normal;\">Participantes &#8211; L\u00edngua Inglesa: <\/strong>CONCLUINTES do PRIMEIRO semestre letivo de 2014 dos cursos T\u00c9CNICOS, TELETEC E TECNOL\u00d3GICOS do Centro Paula Souza.<\/li>\n<li><strong>N\u00famero total de vagas:<\/strong> 270<\/li>\n<li><strong>Distribui\u00e7\u00e3o das vagas:<\/strong> 1 vaga por unidade de ensino da rede (Etecs, Fatecs e Teletec), que possuam alunos formandos*<\/li>\n<\/ul>\n<p><strong>* Caso o n\u00famero total de bolsas seja superior \u00e0s unidades inscritas, haver\u00e1 redistribui\u00e7\u00e3o de vagas remanescentes.<\/strong><\/p>\n<p><strong>\u00a0<\/strong><\/p>\n<p><strong>INFORMA\u00c7\u00d5ES SOBRE O PROGRAMA \u2013 ESPANHOL<\/strong><\/p>\n<ul>\n<li><strong style=\"color: #000000; font-style: normal;\">Participantes &#8211; L\u00edngua Espanhola \u2013 <\/strong>CONCLUINTES do PRIMEIRO semestre letivo de 2014 dos cursos T\u00c9CNICOS E TECNOL\u00d3GICOS do Centro Paula Souza.<\/li>\n<li><strong>N\u00famero total de vagas:<\/strong> 40<\/li>\n<li><strong>Distribui\u00e7\u00e3o das vagas:<\/strong> 20 Etecs e 20 Fatecs<\/li>\n<\/ul>\n<p><strong>* Somente para cursos e unidades (selecionadas) que possuam cursos t\u00e9cnicos e tecnol\u00f3gicos com a disciplina \u201cEspanhol\u201d na matriz curricular,\u00a0a ETEC Irm\u00e3 Agostina n\u00e3o \u00e9 uma escola selecionada.<\/strong><\/p>\n<p><strong>Condi\u00e7\u00e3o para a Valida\u00e7\u00e3o das Inscri\u00e7\u00f5es:<\/strong><strong>\u00a0<\/strong><\/p>\n<ul>\n<li>Ser aluno concluinte no 1<strong style=\"color: #000000; font-style: normal;\">\u00ba semestre de 2014 (inclusive com entrega de documenta\u00e7\u00f5es relativas a est\u00e1gio e TG\/TCC)<\/strong>;<\/li>\n<li>Ter 75% de frequ\u00eancia m\u00ednima no curso;<\/li>\n<li>N\u00e3o ter nenhum registro escrito de advert\u00eancia ou pena disciplinar;<\/li>\n<li>Para Etec (atual ou anterior em caso de transfer\u00eancia) ter cursado desde o 1\u00ba m\u00f3dulo. N\u00e3o ter men\u00e7\u00f5es finais I e\/ou R nos 1\u00ba e 2 \u00ba m\u00f3dulos, n\u00e3o ter men\u00e7\u00e3o parcial I e\/ou R no 3\u00ba modulo.<\/li>\n<\/ul>\n<p><strong>Alunos que j\u00e1 tenham usufru\u00eddo de quaisquer bolsas e\/ou programas de interc\u00e2mbio promovidos e\/ou coordenados pelo Centro Paula Souza durante o curso atual n\u00e3o poder\u00e3o participar deste processo seletivo.<\/strong><\/p>\n<p>O aluno pode participar somente de um processo de sele\u00e7\u00e3o Ingl\u00eas ou Espanhol, quando a \u00faltima for oferecida pela unidade. O sistema somente acatar\u00e1 a primeira inscri\u00e7\u00e3o, <strong>n\u00e3o havendo como fazer modifica\u00e7\u00f5es posteriormente. <\/strong><\/p>\n<p><strong>Crit\u00e9rios de classifica\u00e7\u00e3o:<\/strong><\/p>\n<ul>\n<li>Etec: O desempenho global ser\u00e1 calculado por meio da an\u00e1lise da porcentagem de men\u00e7\u00f5es MB em rela\u00e7\u00e3o ao n\u00famero total de men\u00e7\u00f5es, a partir da an\u00e1lise da Ata de Conselho de Classe Intermedi\u00e1rio e Final de todos os m\u00f3dulos &#8211; atual e anterior (es). Caber\u00e1 ao Conselho de Escola validar a classifica\u00e7\u00e3o e, em caso de empate, definir o primeiro classificado atrav\u00e9s da an\u00e1lise da assiduidade. Se ainda assim permanecer o empate, dever\u00e1 ser considerada a participa\u00e7\u00e3o do aluno na vida escolar (atividades extraclasses e de natureza social).<\/li>\n<li>Teletec: Maior pontua\u00e7\u00e3o somada nas avalia\u00e7\u00f5es oficiais do 1\u00ba e 2\u00ba M\u00f3dulos. Em caso de empate ser\u00e3o contabilizadas as men\u00e7\u00f5es das avalia\u00e7\u00f5es formativas.<\/li>\n<li>Fatec: \u00cdndice resultante do c\u00e1lculo da m\u00e9dia e\/ou PR-Percentual de Rendimento do aluno candidato (1\u00ba a 5\u00ba semestres) dividido pela m\u00e9dia e\/ou PR-Percentual de Rendimento dos prov\u00e1veis concluintes (1\u00ba a 5\u00ba semestres) do mesmo per\u00edodo de seu curso. No caso de empate ser\u00e1 considerado o aluno com maior frequ\u00eancia.<\/li>\n<\/ul>\n<p><strong>Total de Alunos indicados para o Programa: <\/strong><\/p>\n<ul>\n<li><strong style=\"color: #000000; font-style: normal;\">\u00a0<\/strong><strong style=\"color: #000000; font-style: normal;\">Ingl\u00eas: <\/strong>5 alunos por unidade (1 classificado \u2013 4 em lista de espera).<\/li>\n<li><strong>Espanhol:<\/strong> 2 alunos por unidade (1 classificado \u2013 1 lista de espera).<\/li>\n<li><strong>Tipo de Curso oferecido: <\/strong>4 semanas de curso intensivo de espanhol\/ingl\u00eas em escolas internacionais os alunos ser\u00e3o avaliados e matriculados de acordo com o n\u00edvel de conhecimento obtido no teste de nivelamento.<\/li>\n<li><strong>Tipo de Acomoda\u00e7\u00e3o oferecida:<\/strong> em casa de fam\u00edlia e\/ou resid\u00eancia estudantil conforme pa\u00eds de destino, em quarto individual, respeitando o <em>mix<\/em> de nacionalidade.<\/li>\n<li><strong>Alimenta\u00e7\u00e3o:<\/strong> meia pens\u00e3o (caf\u00e9 da manh\u00e3 e jantar) durante a semana e possibilidade de pens\u00e3o completa aos finais de semana (isso depende da rotina da fam\u00edlia\/e ou da resid\u00eancia estudantil).<\/li>\n<li><strong>Ajuda de custo:<\/strong> cada participante receber\u00e1 uma ajuda de custo de 400,00 (quatrocentos) \u2013 d\u00f3lares americanos, d\u00f3lares neozelandeses ou libras esterlinas &#8211; conforme pa\u00eds de destino e que ser\u00e3o depositados em cart\u00e3o de viagem.<\/li>\n<li><strong>Transporte A\u00e9reo:<\/strong> Passagem a\u00e9rea em classe econ\u00f4mica, priorizando o menor n\u00famero de conex\u00f5es poss\u00edveis.<\/li>\n<li><strong>Traslados (transporte no trajeto aeroporto &#8211; casa de fam\u00edlia\/ resid\u00eancia estudantil \u2013 aeroporto):<\/strong> Esse transporte ser\u00e1 oferecido somente no pa\u00eds de destino.<\/li>\n<li><strong>Transporte nos Pa\u00edses:<\/strong> \u00d4nibus, metr\u00f4 e demais meios de transporte no trajeto Casa de Fam\u00edlia \u2013 Escola \u2013 Casa de Fam\u00edlia.<\/li>\n<li><strong>Seguro Sa\u00fade:<\/strong> Seguro sa\u00fade para todos os intercambistas. Os dados sobre a cobertura ser\u00e3o divulgados posteriormente.<\/li>\n<li><strong>Desist\u00eancias: <\/strong>O aluno tem at\u00e9 10 (dez) dias para desistir do Programa sem \u00f4nus. O suplente tem 5 (cinco) dias de prazo para desistir.<\/li>\n<li><strong>Custos adicionais: <\/strong>As despesas com os documentos pessoais, viagens para o consulado e\/ou entrevistas ser\u00e3o por conta do participante.<\/li>\n<li><strong>Datas de Embarque prov\u00e1veis:<\/strong> as prov\u00e1veis datas de embarque ser\u00e3o entre setembro e novembro.<\/li>\n<\/ul>\n<p><strong>Cronograma de atividades:<\/strong><strong>\u00a0<\/strong><\/p>\n<table width=\"447\">\n<tbody>\n<tr>\n<td width=\"306\"><strong>A\u00e7\u00f5es <\/strong><\/td>\n<td width=\"142\"><strong>Datas <\/strong><\/td>\n<\/tr>\n<tr>\n<td width=\"306\">Inscri\u00e7\u00f5es<\/td>\n<td width=\"142\">At\u00e9 27\/06\/2014 \u00e0s 17 horas<\/td>\n<\/tr>\n<tr>\n<td width=\"306\">Lan\u00e7amento de notas no sistema<\/td>\n<td width=\"142\">De 04\/07 at\u00e9 14\/07<\/td>\n<\/tr>\n<tr>\n<td width=\"306\">Divulga\u00e7\u00e3o da Lista dos 5 primeiros colocados por unidade<\/td>\n<td width=\"142\">a partir de 28\/07<\/td>\n<\/tr>\n<tr>\n<td width=\"306\">Prazo para recursos<\/td>\n<td width=\"142\">7 dias a partir da publica\u00e7\u00e3o<\/td>\n<\/tr>\n<\/tbody>\n<\/table>\n<p><strong>Inscri\u00e7\u00f5es: <\/strong>para participar, o aluno deve acessar o site:<\/p>\n<p><strong><a href=\"http:\/\/intercambio.fundacaofat.org.br\" class=\"broken_link\">http:\/\/intercambio.fundacaofat.org.br<\/a><\/strong><\/p>\n<p><strong>Processo de Valida\u00e7\u00e3o: <\/strong>as unidades de ensino receber\u00e3o instru\u00e7\u00f5es e um link do sistema para fazer a inclus\u00e3o de notas, bem como processo de valida\u00e7\u00e3o do status final dos alunos.<strong>\u00a0<\/strong><\/p>\n<p><strong>Contatos\/ d\u00favidas<\/strong><\/p>\n<p><strong>Alunos de Etec ou Teletec:<\/strong><\/p>\n<p><strong><a href=\"http:\/\/bit.ly\/intercambio_etec\">http:\/\/bit.ly\/intercambio_etec<\/a><\/strong><\/p>\n<p><strong>Aluno de Fatec:<\/strong><\/p>\n<p><a href=\"http:\/\/bit.ly\/intercambio_fatec\"><strong>http:\/\/bit.ly\/intercambio_fatec<\/strong><\/a><\/p>\n<p>&nbsp;<\/p>\n","protected":false},"excerpt":{"rendered":"<p>O Centro Paula Souza abre o processo de Sele\u00e7\u00e3o para Alunos dos Cursos T\u00e9cnico e Tecnol\u00f3gico. Ser\u00e3o ofertadas 270 bolsas para o Programa de Interc\u00e2mbio Cultural do Centro Paula Souza, com um Curso Imers\u00e3o de L\u00edngua Inglesa, divididas entre os Estados Unidos, Inglaterra e Nova Zel\u00e2ndia e mais 40 bolsas Programa de Interc\u00e2mbio com um&nbsp;&hellip;<\/p>\n","protected":false},"author":1,"featured_media":0,"comment_status":"open","ping_status":"closed","sticky":false,"template":"","format":"standard","meta":[],"categories":[2],"tags":[9,10],"_links":{"self":[{"href":"https:\/\/etecia.com.br\/index.php?rest_route=\/wp\/v2\/posts\/881"}],"collection":[{"href":"https:\/\/etecia.com.br\/index.php?rest_route=\/wp\/v2\/posts"}],"about":[{"href":"https:\/\/etecia.com.br\/index.php?rest_route=\/wp\/v2\/types\/post"}],"author":[{"embeddable":true,"href":"https:\/\/etecia.com.br\/index.php?rest_route=\/wp\/v2\/users\/1"}],"replies":[{"embeddable":true,"href":"https:\/\/etecia.com.br\/index.php?rest_route=%2Fwp%2Fv2%2Fcomments&post=881"}],"version-history":[{"count":0,"href":"https:\/\/etecia.com.br\/index.php?rest_route=\/wp\/v2\/posts\/881\/revisions"}],"wp:attachment":[{"href":"https:\/\/etecia.com.br\/index.php?rest_route=%2Fwp%2Fv2%2Fmedia&parent=881"}],"wp:term":[{"taxonomy":"category","embeddable":true,"href":"https:\/\/etecia.com.br\/index.php?rest_route=%2Fwp%2Fv2%2Fcategories&post=881"},{"taxonomy":"post_tag","embeddable":true,"href":"https:\/\/etecia.com.br\/index.php?rest_route=%2Fwp%2Fv2%2Ftags&post=881"}],"curies":[{"name":"wp","href":"https:\/\/api.w.org\/{rel}","templated":true}]}}