{"id":849,"date":"2014-02-13T14:38:03","date_gmt":"2014-02-13T17:38:03","guid":{"rendered":"http:\/\/etecia.com.br\/portaletecia\/?p=849"},"modified":"2014-02-13T14:38:03","modified_gmt":"2014-02-13T17:38:03","slug":"sabado-letivo-1502","status":"publish","type":"post","link":"https:\/\/etecia.com.br\/?p=849","title":{"rendered":"S\u00e1bado Letivo 15\/02"},"content":{"rendered":"<p>De acordo com o calend\u00e1rio escolar, no pr\u00f3ximo s\u00e1bado (15 de fevereiro) ser\u00e1 dia letivo para todas as turmas da unidade de acordo com escala a seguir:<\/p>\n<p>Per\u00edodo da manh\u00e3: Ensino M\u00e9dio, ETIM, Inform\u00e1tica (tarde), Administra\u00e7\u00e3o<\/p>\n<p>Per\u00edodo da tarde: ETIM,\u00a0Qu\u00edmica, Inform\u00e1tica (noite)<\/p>\n","protected":false},"excerpt":{"rendered":"<p>De acordo com o calend\u00e1rio escolar, no pr\u00f3ximo s\u00e1bado (15 de fevereiro) ser\u00e1 dia letivo para todas as turmas da unidade de acordo com escala a seguir: Per\u00edodo da manh\u00e3: Ensino M\u00e9dio, ETIM, Inform\u00e1tica (tarde), Administra\u00e7\u00e3o Per\u00edodo da tarde: ETIM,\u00a0Qu\u00edmica, Inform\u00e1tica (noite)<\/p>\n","protected":false},"author":1,"featured_media":0,"comment_status":"closed","ping_status":"open","sticky":false,"template":"","format":"standard","meta":[],"categories":[2],"tags":[],"_links":{"self":[{"href":"https:\/\/etecia.com.br\/index.php?rest_route=\/wp\/v2\/posts\/849"}],"collection":[{"href":"https:\/\/etecia.com.br\/index.php?rest_route=\/wp\/v2\/posts"}],"about":[{"href":"https:\/\/etecia.com.br\/index.php?rest_route=\/wp\/v2\/types\/post"}],"author":[{"embeddable":true,"href":"https:\/\/etecia.com.br\/index.php?rest_route=\/wp\/v2\/users\/1"}],"replies":[{"embeddable":true,"href":"https:\/\/etecia.com.br\/index.php?rest_route=%2Fwp%2Fv2%2Fcomments&post=849"}],"version-history":[{"count":0,"href":"https:\/\/etecia.com.br\/index.php?rest_route=\/wp\/v2\/posts\/849\/revisions"}],"wp:attachment":[{"href":"https:\/\/etecia.com.br\/index.php?rest_route=%2Fwp%2Fv2%2Fmedia&parent=849"}],"wp:term":[{"taxonomy":"category","embeddable":true,"href":"https:\/\/etecia.com.br\/index.php?rest_route=%2Fwp%2Fv2%2Fcategories&post=849"},{"taxonomy":"post_tag","embeddable":true,"href":"https:\/\/etecia.com.br\/index.php?rest_route=%2Fwp%2Fv2%2Ftags&post=849"}],"curies":[{"name":"wp","href":"https:\/\/api.w.org\/{rel}","templated":true}]}}