{"id":839,"date":"2013-12-12T18:19:07","date_gmt":"2013-12-12T21:19:07","guid":{"rendered":"http:\/\/etecia.com.br\/portaletecia\/?p=839"},"modified":"2013-12-12T18:19:07","modified_gmt":"2013-12-12T21:19:07","slug":"convocacao-para-aula-teste","status":"publish","type":"post","link":"https:\/\/etecia.com.br\/?p=839","title":{"rendered":"Convoca\u00e7\u00e3o para aula teste"},"content":{"rendered":"<p>PROCESSO SELETIVO DE DOCENTES, NOS TERMOS DO COMUNICADO CEETEPS N\u00b0 1\/2009, E SUAS ALTERA\u00c7\u00d5ES.<\/p>\n<p>&nbsp;<\/p>\n<p>AVISO N\u00b0238\/01\/2013 de 29\/10\/2013. Processo n\u00b0 0007325\/2013<\/p>\n<p>&nbsp;<\/p>\n<p align=\"center\">AVISO DE DEFERIMENTO E INDEFERIMENTO DE INSCRI\u00c7\u00d5ES E CONVOCA\u00c7\u00c3O PARA AULA TESTE.<\/p>\n<p align=\"center\">\n<p>O Diretor de Escola T\u00e9cnica da ETEC Irm\u00e3 Agostina faz saber aos candidatos abaixo relacionados o deferimento e indeferimento das inscri\u00e7\u00f5es e convoca para AULA TESTE, a ser realizada na ETEC Irm\u00e3 Agostina, sita na Av Feliciano Correia s\/n\u00ba &#8211; Jardim Sat\u00e9lite \u2013 SP.<\/p>\n<p>Conforme disposto no item 9 do inciso III do Comunicado CEETEPS n\u00b0 1\/2009, publicado no DOE de 31.01.2009, alterado \u00a0pelo Comunicado CEETEPS n\u00ba 5\/2009, o candidato convocado, entregar\u00e1 uma c\u00f3pia do diploma frente\/ verso, na aus\u00eancia, c\u00f3pia da certid\u00e3o de conclus\u00e3o de curso ou certificado\/declara\u00e7\u00e3o de conclus\u00e3o da forma\u00e7\u00e3o superior registrada na ficha de inscri\u00e7\u00e3o. Os candidatos convocados observar\u00e3o, tamb\u00e9m, as al\u00edneas b e c do subitem 3.2 do inciso IV e o item 7 do inciso V dos Comunicados mencionados anteriormente.<\/p>\n<p>&nbsp;<\/p>\n<p>Componente curricular (Curso e\/ou Habilita\u00e7\u00e3o):<\/p>\n<p>&nbsp;<\/p>\n<p>1-Educa\u00e7\u00e3o F\u00edsica ( Base Nacional Comum \u2013 Ensino M\u00e9dio);<\/p>\n<p>Inscri\u00e7\u00e3o(\u00f5es) Deferida(s)<\/p>\n<p>N\u00b0 de Inscri\u00e7\u00e3o\/ Nome\/ RG\/Hor\u00e1rio<\/p>\n<p>07\/Fellipe Augusto Simplicio dos Santos\/43.868.861-2\/ 09:00hrs;<\/p>\n<p>24\/Ana L\u00facia de Oliveira\/23.954.183-2\/09:30hrs;<\/p>\n<p>30\/Anderson Albuquerque Garcia\/23.127.914-0\/10:00hrs;;<\/p>\n<p>40\/Ronaldo Novais Feitosa\/46.640.704-X\/10:30hrs.<\/p>\n<p>&nbsp;<\/p>\n<p>Rela\u00e7\u00e3o dos 03(tr\u00eas) temas para AULA \u2013 TESTE<\/p>\n<p>1-Rela\u00e7\u00e3o da cultura corporal do movimento e a teoria das intelig\u00eancias m\u00faltiplas;<\/p>\n<p>2-Educa\u00e7\u00e3o Fisica e Contemporaneidade;<\/p>\n<p>3-Futebol; Viol\u00eancia, Influ\u00eancia, Historia, Torcidas Organizadas, M\u00eddia e Evolu\u00e7\u00e3o.<\/p>\n<p>Dura\u00e7\u00e3o m\u00e1xima da aula: 20 min.<\/p>\n<p>Data 19\/12\/2013.<\/p>\n<p>&nbsp;<\/p>\n<p>2 \u2013Qu\u00edmica ( Base Nacional Comum \u2013 Ensino M\u00e9dio);<\/p>\n<p>Inscri\u00e7\u00e3o(\u00f5es) Deferida(s)<\/p>\n<p>N\u00b0 de Inscri\u00e7\u00e3o\/ Nome\/ RG\/Hor\u00e1rio<\/p>\n<p>36\/ Patr\u00edcia Ara\u00fajo dos Santos\/28.572.325-X\/ 13:30hrs;<\/p>\n<p>42\/Tatiana de Souza Mendes Cotrim\/34.755.409-X\/ 14:00hrs;<\/p>\n<p>46\/Daisy Alves Cardoso\/22.423.092-X\/14:30hrs;<\/p>\n<p>49\/Wellington Alves\/40.422.013-7\/15:00hrs;<\/p>\n<p>51\/Michelle Cristiane Melo Reis\/24.469.179-4\/15:30hrs.<\/p>\n<p>&nbsp;<\/p>\n<p>Rela\u00e7\u00e3o dos 03(tr\u00eas) temas para AULA \u2013 TESTE<\/p>\n<p>1-Estudos dos Gases;<\/p>\n<p>2- Fun\u00e7\u00f5es Inorg\u00e2nicas;<\/p>\n<p>3-. Liga\u00e7\u00e3o Qu\u00edmica.<\/p>\n<p>Dura\u00e7\u00e3o m\u00e1xima da aula: 20 min.<\/p>\n<p>Data 18\/12\/2013.<\/p>\n<p>&nbsp;<\/p>\n<p>&nbsp;<\/p>\n<p>&nbsp;<\/p>\n<p>&nbsp;<\/p>\n<p>&nbsp;<\/p>\n<p>3- Biologia( Base Nacional Comum \u2013 Ensino M\u00e9dio):<\/p>\n<p>Inscri\u00e7\u00e3o(\u00f5es) Deferida(s)<\/p>\n<p>N\u00ba de Inscri\u00e7\u00e3o\/Nome\/RG\/Hor\u00e1rio<\/p>\n<p>01\/Laudic\u00e9a Farias Lima \/ 1.293.287-ES\/ 09:00hrs;<\/p>\n<p>21\/ Thuany Oliveira Nascimento de Almeida\/26.530.260-2\/ 9:30hrs;<\/p>\n<p>22\/Cesar Magno de Andrade\/9.813.529-6\/10:00hrs:<\/p>\n<p>32\/Jos\u00e9 Pedro de Queiroz\/46.157.020-8\/ 10:30hrs;<\/p>\n<p>37\/Eduardo Murakami da Silva\/29.265.603-8\/11:00hrs.<\/p>\n<p>&nbsp;<\/p>\n<p>Rela\u00e7\u00e3o dos 03(tr\u00eas) temas para AULA \u2013 TESTE<\/p>\n<p>1- Biotecnologia;<\/p>\n<p>2- Desenvolvimento e Folhetos Embriol\u00f3gicos;<\/p>\n<p>3-.Mitose e Meio.<\/p>\n<p>&nbsp;<\/p>\n<p>Dura\u00e7\u00e3o m\u00e1xima da aula: 20 min.<\/p>\n<p>Data 19\/12\/2013<\/p>\n<p>&nbsp;<\/p>\n<p>4 \u2013 Geografia ( Base Nacional Comum \u2013 Ensino M\u00e9dio);<\/p>\n<p>Inscri\u00e7\u00e3o(\u00f5es) Deferida(s)<\/p>\n<p>N\u00ba de Inscri\u00e7\u00e3o\/Nome\/RG\/Hor\u00e1rio<\/p>\n<p>13\/Jos\u00e9 de Arimatea Ribeiro\/37.296.533-7\/ 09:00hrs<\/p>\n<p>15\/Ana Paula Dias\/30.630.862-9\/ 09:30hrs;<\/p>\n<p>19\/Renata Santana Mendes\/27.053.291-2\/ 10:00hrs;<\/p>\n<p>27\/Camila Aparecida Souza Santos\/44.114.791-4\/ 10:30hrs;<\/p>\n<p>29\/Rodolfo das Neves Barbosa Lima\/41.109.012-4\/ 11:00hrs.<\/p>\n<p>&nbsp;<\/p>\n<p>Rela\u00e7\u00e3o dos 03(tr\u00eas) temas para AULA \u2013 TESTE<\/p>\n<p>1- Bacias Hidrogr\u00e1ficas\u00a0 Brasileira;<\/p>\n<p>2- Dom\u00ednios Morfol\u00f3gicos Brasileiros;<\/p>\n<p>3-.Processo de Urbaniza\u00e7\u00e3o no Mundo.<\/p>\n<p>&nbsp;<\/p>\n<p>Dura\u00e7\u00e3o m\u00e1xima da aula: 20 min.<\/p>\n<p>Data 19\/12\/2013.<\/p>\n<p>&nbsp;<\/p>\n<p>5- Matem\u00e1tica (Base Nacional Comum- Ensino M\u00e9dio);<\/p>\n<p>Inscri\u00e7\u00e3o(\u00f5es) Deferida(s)<\/p>\n<p>N\u00ba de Inscri\u00e7\u00e3o\/Nome\/RG\/Hor\u00e1rio<\/p>\n<p>03\/Jo\u00e3o Idesio Ferreira\/9.185.069\/ 09:00hrs;<\/p>\n<p>08\/Guilherme Santos Silva\/23.389.252-7\/09:30hrs;<\/p>\n<p>23\/Antonio Milton do Nascimento\/17.811.498-4\/ 10:00hrs;<\/p>\n<p>35\/Edvaldo Batista Rezende\/19.736.742-2\/10:30 hrs;<\/p>\n<p>41\/Marco Aur\u00e9lio Batista Cardoso\/19.940.403-3\/ 11:00hrs;<\/p>\n<p>43\/Roseli Tavares Lopes\/22.468.612-4\/ 11:30hrs.<\/p>\n<p>Rela\u00e7\u00e3o dos 03(tr\u00eas) temas para AULA \u2013 TESTE<\/p>\n<p>1- Logaritmo;<\/p>\n<p>2- Geometria Espacial- M\u00e9trica: \u00c1rea e Volumes;<\/p>\n<p>3-.Geometria Anal\u00edtica: Representa\u00e7\u00e3o no Plano Cartesiano e Equa\u00e7\u00e3o.<\/p>\n<p>.<\/p>\n<p>Dura\u00e7\u00e3o m\u00e1xima da aula: 20 min.<\/p>\n<p>Data 19\/12\/2013.<\/p>\n<p>&nbsp;<\/p>\n<p>6- L\u00edngua Portuguesa e Literatura (Base Nacional Comum \u2013 Ensino M\u00e9dio);<\/p>\n<p>Inscri\u00e7\u00e3o(\u00f5es) Deferida(s)<\/p>\n<p>N\u00ba de Inscri\u00e7\u00e3o\/Nome\/RG\/ Hor\u00e1rio<\/p>\n<p>02\/Carla Moreira de Paula\/47.843.391-8\/ 13:30hrs;<\/p>\n<p>09\/Marilaine Aparecida Martins Mota\/21.837.311\/ 14:00hrs.<\/p>\n<p>10\/ Vanessa Regina Ferreira da Silva \/ 33.427.807-7\/14:30;<\/p>\n<p>16\/ Ana Paula Dias \/ 30.630.862-9 \/ 15:00hrs;<\/p>\n<p>33\/ Simone Sousa Lapa\/ 33.891.457-2\/ 15:30hrs;<\/p>\n<p>34\/ Elisama Sousa Lapa \/ 43.251.004-7 \/ 16:00hrs;<\/p>\n<p>47\/ Gisele Aparecida dos \u00a0Santos Meloni \u00a0Silva\/ 24.936.648-4 \/ 16:30hrs;<\/p>\n<p>48\/ Victor Socolowiski Neto \/ 42.196.419-4 \/ 17:00hrs;<\/p>\n<p>50\/ Luiz Carlos Santos do Amaral \/ 24.249.449-3 \/ 17:30hrs.<\/p>\n<p>Rela\u00e7\u00e3o dos 03(tr\u00eas) temas para AULA \u2013 TESTE<\/p>\n<p>1-Articula\u00e7\u00e3o Textual: coes\u00e3o\/ coer\u00eancia;<\/p>\n<p>2-Estrutura e Forma\u00e7\u00e3o de Palavras;<\/p>\n<p>3-Produ\u00e7\u00e3o Textual: Narra\u00e7\u00e3o, Descri\u00e7\u00e3o e Exposi\u00e7\u00e3o.<\/p>\n<p>&nbsp;<\/p>\n<p>Dura\u00e7\u00e3o m\u00e1xima da aula: 20 min.<\/p>\n<p>Data 19\/12\/2013.<\/p>\n<p>&nbsp;<\/p>\n<p>7 \u2013 Filosofia (Base Nacional Comum \u2013 Ensino M\u00e9dio)<\/p>\n<p>Inscri\u00e7\u00e3o(\u00f5es) Deferida(s)<\/p>\n<p>N\u00ba de Inscri\u00e7\u00e3o\/Nome\/RG\/ Hor\u00e1rio<\/p>\n<p>05\/Rodison Roberto Santos \/ 53.457.194-3\/10:30hrs;<\/p>\n<p>06\/Jorge Caldas Rogas\/7.136.000-1\/ 11:00hrs;<\/p>\n<p>14\/Josefa Luana de Oliveira\/26.311.496-X\/11:30hrs;<\/p>\n<p>28\/Rosangela Rosa dos Anjos\/27.995.336-7\/12:00hrs.<\/p>\n<p>&nbsp;<\/p>\n<p>Rela\u00e7\u00e3o dos 03(tr\u00eas) temas para AULA \u2013 TESTE<\/p>\n<p>1-\u00a0\u00a0 Filosofia Antropol\u00f3gica, Vis\u00f5es sobre o ser Humano: Concep\u00e7\u00f5es Plat\u00f4nicas, Aristot\u00e9lica e Cartesiana (Relacionar com quest\u00f5es contempor\u00e2neas);<\/p>\n<p>2- Liberdade, Submiss\u00e3o e Pacto Social;<\/p>\n<p>3- Filosofia e Est\u00e9tica.<\/p>\n<p>&nbsp;<\/p>\n<p>Dura\u00e7\u00e3o m\u00e1xima da aula: 20 min.<\/p>\n<p>Data 19\/12\/2013.<\/p>\n<p>&nbsp;<\/p>\n<p>8 &#8211; Sociologia( Base Nacional Comum \u2013 Ensino M\u00e9dio);<\/p>\n<p>Inscri\u00e7\u00e3o(\u00f5es) Deferida(s)<\/p>\n<p>N\u00ba de Inscri\u00e7\u00e3o\/Nome\/RG \/ Hor\u00e1rio<\/p>\n<p>12\/Ana Paula Concei\u00e7\u00e3o Costa\/30.454.176-X\/ 09;00hrs;<\/p>\n<p>14\/Josefa Luana de Oliveira\/26.311.496-X\/ 09:30hrs;<\/p>\n<p>45\/Isabela Martins de Morais e Silva\/MG- 12440570\/ 10:00hrs..<\/p>\n<p>&nbsp;<\/p>\n<p>Rela\u00e7\u00e3o dos 03(tr\u00eas) temas para AULA \u2013 TESTE<\/p>\n<p>1-Estratifica\u00e7\u00e3o e Mobilidade Social;<\/p>\n<p>2-Identidade e Alteridade;<\/p>\n<p>3-.Cultura e Ind\u00fastria Cultural \u00a0no Brasil.<\/p>\n<p>&nbsp;<\/p>\n<p>Dura\u00e7\u00e3o m\u00e1xima da aula: 20 min.<\/p>\n<p>Data 19\/12\/2013.<\/p>\n<p>&nbsp;<\/p>\n<p>9 \u2013 L\u00edngua Estrangeira Moderna \u2013 Ingl\u00eas (Parte Diversificada \u2013 Ensino M\u00e9dio);<\/p>\n<p>Inscri\u00e7\u00e3o(\u00f5es) Deferida(s)<\/p>\n<p>N\u00ba de Inscri\u00e7\u00e3o\/Nome\/RG \/ Hor\u00e1rio<\/p>\n<p>17\/Helany Firmo de Melo\/33.507.060-7\/ 14;00hrs;<\/p>\n<p>38\/Leandro Kocsis Fazzio\/25.996.445-1\/ 14:30hrs;<\/p>\n<p>50\/Luiz Carlos Santos do Amaral\/24.249.449-3\/ 15:00hrs.<\/p>\n<p>&nbsp;<\/p>\n<p>Rela\u00e7\u00e3o dos 03(tr\u00eas) temas para AULA \u2013 TESTE<\/p>\n<p>1-Modal Verbs;<\/p>\n<p>2-Present Continuous;<\/p>\n<p>3-.Present Perfect.<\/p>\n<p>&nbsp;<\/p>\n<p>Dura\u00e7\u00e3o m\u00e1xima da aula: 20 min.<\/p>\n<p>Data 19\/12\/2013.<\/p>\n<p>&nbsp;<\/p>\n<p>&nbsp;<\/p>\n<p>&nbsp;<\/p>\n<p>10 \u2013 L\u00edngua Estrangeira Moderna \u2013 Espanhol (Parte Diversificada \u2013 Ensino M\u00e9dio);<\/p>\n<p>Inscri\u00e7\u00e3o(\u00f5es) Deferida(s)<\/p>\n<p>N\u00ba de Inscri\u00e7\u00e3o\/Nome\/RG \/ Hor\u00e1rio<\/p>\n<p>10\/Vanessa Regina Ferreira da Silva\/33.427.807-7\/ 13:30hrs.<\/p>\n<p>Rela\u00e7\u00e3o dos 03(tr\u00eas) temas para AULA \u2013 TESTE<\/p>\n<p>1-Uso dos Verbos no Presente do Indicativo Expressando A\u00e7\u00f5es Cotidianas;<\/p>\n<p>2-O uso da L\u00edngua em Contextos Formais e Informais \u2013 Express\u00f5es do dia-a-dia;<\/p>\n<p>3-.Uso de Verbos no \u201cPret\u00e9rito Indefinido\u201d (a\u00e7\u00f5es no passado).<\/p>\n<p>&nbsp;<\/p>\n<p>Dura\u00e7\u00e3o m\u00e1xima da aula: 20 min.<\/p>\n<p>Data 19\/12\/2013.<\/p>\n<p>&nbsp;<\/p>\n<p>12- \u00a0Qu\u00edmica dos Alimentos (Qu\u00edmica);<\/p>\n<p>Inscri\u00e7\u00e3o(\u00f5es) Deferida(s)<\/p>\n<p>N\u00ba de Inscri\u00e7\u00e3o\/Nome\/RG \/ Hor\u00e1rio<\/p>\n<p>36\/Patr\u00edcia Ara\u00fajo dos Santos\/28.572.325-X\/ 17:30hrs;<\/p>\n<p>Rela\u00e7\u00e3o dos 03(tr\u00eas) temas para AULA \u2013 TESTE<\/p>\n<p>1-\u00a0\u00a0\u00a0\u00a0 M\u00e9todos F\u00edsicos: Densimetria, Refratometria, Crioscopia, Outros;<\/p>\n<p>2-\u00a0\u00a0\u00a0\u00a0 Nitrog\u00eanio e Conte\u00fado Proteico;<\/p>\n<p>3-\u00a0\u00a0\u00a0\u00a0 An\u00e1lise de Carne e Produtos C\u00e1rneos: lip\u00eddios,nitrato e nitrito e proteina.<\/p>\n<p>&nbsp;<\/p>\n<p>Dura\u00e7\u00e3o m\u00e1xima da aula: 20 min.<\/p>\n<p>Data 18\/12\/2013.<\/p>\n<p>&nbsp;<\/p>\n<p>13-\u00a0 Metrologia Qu\u00edmica (Qu\u00edmica);<\/p>\n<p>Inscri\u00e7\u00e3o(\u00f5es) Deferida(s)<\/p>\n<p>N\u00ba de Inscri\u00e7\u00e3o\/Nome\/RG \/ Hor\u00e1rio<\/p>\n<p>36\/Patr\u00edcia Ara\u00fajo dos Santos\/28.572.325-X\/ 16:00hrs;<\/p>\n<p>Rela\u00e7\u00e3o dos 03(tr\u00eas) temas para AULA \u2013 TESTE<\/p>\n<p>1-Calibra\u00e7\u00e3o e Aferi\u00e7\u00e3o de Equipamentos de Medi\u00e7\u00e3o Qu\u00edmica: Padr\u00f5es em an\u00e1lises qu\u00edmicas e sua rastreabilidade;<\/p>\n<p>2-Medi\u00e7\u00f5es Qu\u00edmicas e Caracter\u00edsticas da Instrumenta\u00e7\u00e3o Qu\u00edmica;<\/p>\n<p>3-Valida\u00e7\u00e3o de Metodologias Anal\u00edtica e Princ\u00edpios B\u00e1sicos de Funcionamento de Equipamentos de Medi\u00e7\u00e3o Qu\u00edmica.<\/p>\n<p>&nbsp;<\/p>\n<p>Dura\u00e7\u00e3o m\u00e1xima da aula: 20 min.<\/p>\n<p>Data 18\/12\/2013.<\/p>\n<p>&nbsp;<\/p>\n<p>14-\u00a0 An\u00e1lise Qu\u00edmica Quantitativa (Qu\u00edmica);<\/p>\n<p>Inscri\u00e7\u00e3o(\u00f5es) Deferida(s)<\/p>\n<p>N\u00ba de Inscri\u00e7\u00e3o\/Nome\/RG \/ Hor\u00e1rio<\/p>\n<p>36\/Patr\u00edcia Ara\u00fajo dos Santos\/28.572.325-X\/ 17:00hrs;<\/p>\n<p>49\/Wellington Alves\/40.422.013-7\/ 16:30hrs<\/p>\n<p>Rela\u00e7\u00e3o dos 03(tr\u00eas) temas para AULA \u2013 TESTE<\/p>\n<p>1-Volumetria de Neutraliza\u00e7\u00e3o: Alcalimentria; Acidimetria;<\/p>\n<p>2-Volumetria de Precipita\u00e7\u00e3o: Argentometria (m\u00e9todo deMohr, m\u00e9todo de Fajans, m\u00e9todo de\u00a0\u00a0\u00a0\u00a0\u00a0\u00a0\u00a0\u00a0 Volhard);<\/p>\n<p>3-Volumetria de Oxirredu\u00e7\u00e3o: Permanganometria; Iodometria.<\/p>\n<p>&nbsp;<\/p>\n<p>Dura\u00e7\u00e3o m\u00e1xima da aula: 20 min.<\/p>\n<p>Data 18\/12\/2013.<\/p>\n<p>&nbsp;<\/p>\n<p>&nbsp;<\/p>\n<p>15-\u00a0 T\u00f3picos de Qu\u00edmica Experimental(Qu\u00edmica);<\/p>\n<p>Inscri\u00e7\u00e3o(\u00f5es) Deferida(s)<\/p>\n<p>N\u00ba de Inscri\u00e7\u00e3o\/Nome\/RG \/ Hor\u00e1rio<\/p>\n<p>36\/Patr\u00edcia Ara\u00fajo dos Santos\/28.572.325-X\/ 18:30hrs;<\/p>\n<p>Rela\u00e7\u00e3o dos 03(tr\u00eas) temas para AULA \u2013 TESTE<\/p>\n<p>1-Montagem de Sistemas em Laborat\u00f3rio: Destila\u00e7\u00e3o por Arraste de Vapor e Destila\u00e7\u00e3o Fracionada;<\/p>\n<p>2-T\u00e9cnicas de Medi\u00e7\u00e3o: Massa e Volume, Materiais Volum\u00e9tricos e T\u00e9cnicas de Medi\u00e7\u00e3o de Volume e T\u00e9cnicas de Utiliza\u00e7\u00e3o do Bico de Bunsen;;<\/p>\n<p>3-T\u00e9cnicas de Dissolu\u00e7\u00e3o Fracionada, Cristaliza\u00e7\u00e3o e Purifica\u00e7\u00e3o da Aspirina.<\/p>\n<p>&nbsp;<\/p>\n<p>Dura\u00e7\u00e3o m\u00e1xima da aula: 20 min.<\/p>\n<p>Data 18\/12\/2013.<\/p>\n<p>&nbsp;<\/p>\n<p>16.- Instala\u00e7\u00e3o e Manuten\u00e7\u00e3o de Computadores (Inform\u00e1tica);<\/p>\n<p>Inscri\u00e7\u00e3o(\u00f5es) Deferida(s)<\/p>\n<p>N\u00ba de Inscri\u00e7\u00e3o\/Nome\/RG \/ Hor\u00e1rio<\/p>\n<p>04\/Silvio Luiz Santos Mascarenhas\/11.123.837-7\/ 13:30hrs;<\/p>\n<p>11\/Alessio Adrian Chiuratto\/11.243.550-6\/14:00Hrs;<\/p>\n<p>20\/Marcos Ribeiro Alves\/22.474.336-3\/14:30hrs;<\/p>\n<p>44\/Alexandre Helcias de Amorim\/30.705.910-8\/15:00hrs<\/p>\n<p>Rela\u00e7\u00e3o dos 03(tr\u00eas) temas para AULA \u2013 TESTE<\/p>\n<p>1-Principios de Funcionamento de Processadores, Tipos e Fabricantes;<\/p>\n<p>2-No\u00e7\u00f5es de Manuten\u00e7\u00e3o Preventiva e Solu\u00e7\u00e3o de Problemas de Computadores;<\/p>\n<p>3-Dispositivos de Armazenamento, Tipos e Funcionamento.<\/p>\n<p>&nbsp;<\/p>\n<p>Dura\u00e7\u00e3o m\u00e1xima da aula: 20 min.<\/p>\n<p>Data 18\/12\/2013.<\/p>\n<p>&nbsp;<\/p>\n<p>17- L\u00f3gica da Programa\u00e7\u00e3o (Inform\u00e1tica);<\/p>\n<p>Inscri\u00e7\u00e3o(\u00f5es) Deferida(s)<\/p>\n<p>N\u00ba de Inscri\u00e7\u00e3o\/Nome\/RG \/ Hor\u00e1rio<\/p>\n<p>18\/Fernando Oliveira Rodrigues da Silva\/36.387.618-2\/ 16:30hrs;<\/p>\n<p>25\/Daisy Monte Machado\/47.590.954-9\/16;00hrs;<\/p>\n<p>39\/Gregory Augusto Santos Ndukwu\/MG- 12.789.267\/17:00hrs.<\/p>\n<p>Rela\u00e7\u00e3o dos 03(tr\u00eas) temas para AULA \u2013 TESTE<\/p>\n<p>1-Estruturas de\u00a0 Repeti\u00e7\u00e3o em Pseudo C\u00f3digo e Linguagem C;<\/p>\n<p>2-Defini\u00e7\u00e3o e Cria\u00e7\u00e3o\u00a0 de Variaveis e Constantes em Pseudo C\u00f3digo e Linguagem C;<\/p>\n<p>3-Operadores e Express\u00f5es L\u00f3gicas em Pseudo C\u00f3digo e Linguagem C.<\/p>\n<p>&nbsp;<\/p>\n<p>Dura\u00e7\u00e3o m\u00e1xima da aula: 20 min.<\/p>\n<p>Data 18\/12\/2013.<\/p>\n<p>&nbsp;<\/p>\n<p>&nbsp;<\/p>\n<p>&nbsp;<\/p>\n<p>&nbsp;<\/p>\n<p>&nbsp;<\/p>\n<p>&nbsp;<\/p>\n<p>&nbsp;<\/p>\n<p>&nbsp;<\/p>\n<p>&nbsp;<\/p>\n<p>&nbsp;<\/p>\n<p>&nbsp;<\/p>\n<p>&nbsp;<\/p>\n<p>&nbsp;<\/p>\n<p>&nbsp;<\/p>\n<p>GRUPO DE COMPONETES CURRICULARES (HABILITA\u00c7\u00c3O):<\/p>\n<p>&nbsp;<\/p>\n<p>18- Gest\u00e3o de Sistemas Operacionais I e II (Inform\u00e1tica);<\/p>\n<p>Inscri\u00e7\u00e3o(\u00f5es) Deferida(s)<\/p>\n<p>N\u00ba de Inscri\u00e7\u00e3o\/Nome\/RG\/ Hor\u00e1rio<\/p>\n<p>11\/Alessio Adrian Chiuratto\/11.243.550-6\/ 15:30hrs.<\/p>\n<p>26\/Rafael Severino da Silva\/36.455.452-6\/16:00hrs;<\/p>\n<p>39\/Gregory Augusto Santos Ndukwu\/MG-12.789.267\/16:30hrs;<\/p>\n<p>44\/Alexandre Helcias de Amorim\/30.705.910-8\/ 17:00hrs.<\/p>\n<p>&nbsp;<\/p>\n<p>Rela\u00e7\u00e3o dos 03(tr\u00eas) temas para AULA \u2013 TESTE<\/p>\n<p>1-Introdu\u00e7\u00e3o ao Linux;<\/p>\n<p>2-Cria\u00e7\u00e3o e Opera\u00e7\u00e3o de Arquivos em Modo Texto;<\/p>\n<p>3-Configura\u00e7\u00e3o de Servi\u00e7os do Servidor.<\/p>\n<p>&nbsp;<\/p>\n<p>Dura\u00e7\u00e3o m\u00e1xima da aula: 20 min.<\/p>\n<p>Data 18\/12\/2013.<\/p>\n<p>&nbsp;<\/p>\n<p>19- Programa\u00e7\u00e3o de Computadores I e II (Inform\u00e1tica);<\/p>\n<p>Inscri\u00e7\u00e3o(\u00f5es) Deferida(s)<\/p>\n<p>N\u00ba de Inscri\u00e7\u00e3o\/Nome\/RG\/ Hor\u00e1rio<\/p>\n<p>04\/Silvio Luis Santos Mascarenhas\/11.123.837-7.\/ 14:30hrs;.<\/p>\n<p>25\/Daisy Monte Machado\/47.590.954-9\/13:30hrs;<\/p>\n<p>31\/Renato Santana Brito\/26.469.901-4\/14:00hrs;<\/p>\n<p>39\/Gregory Augusto Santos Ndukwu\/MG-12.789.267\/15:00hrs;<\/p>\n<p>44\/Alexandre Helcias de Amorim\/30.705.910-8\/ 15:30hrs.<\/p>\n<p>&nbsp;<\/p>\n<p>Rela\u00e7\u00e3o dos 03(tr\u00eas) temas para AULA \u2013 TESTE<\/p>\n<p>1-Framework MVC em Java;<\/p>\n<p>2-Estruturas de Repeti\u00e7\u00e3o em Java;<\/p>\n<p>3-Conex\u00e3o com Banco de Dados MySQL em Java.<\/p>\n<p>&nbsp;<\/p>\n<p>Dura\u00e7\u00e3o m\u00e1xima da aula: 20 min.<\/p>\n<p>Data 18\/12\/2013.<\/p>\n<p>&nbsp;<\/p>\n<p>&nbsp;<\/p>\n<p>20- An\u00e1lise de Processos F\u00edsico-Qu\u00edmicos I e II (Qu\u00edmica);<\/p>\n<p>Inscri\u00e7\u00e3o(\u00f5es) Deferida(s)<\/p>\n<p>N\u00ba de Inscri\u00e7\u00e3o\/Nome\/RG\/ Hor\u00e1rio<\/p>\n<p>49\/Wellington Alves\/40.422.013-7\/18:00hrs.<\/p>\n<p>&nbsp;<\/p>\n<p>Rela\u00e7\u00e3o dos 03(tr\u00eas) temas para AULA \u2013 TESTE<\/p>\n<p>1-Cin\u00e9tica Qu\u00edmica Introdu\u00e7\u00e3o \u00e1 Teoria das Colis\u00f5es. Velocidades das Rea\u00e7\u00f5es; Fatores que\u00a0\u00a0\u00a0\u00a0\u00a0\u00a0\u00a0\u00a0\u00a0\u00a0\u00a0\u00a0 afetam a velocidade das rea\u00e7\u00f5es;<\/p>\n<p>2-C\u00e1lculos Estequiom\u00e9trico;<\/p>\n<p>3-Solu\u00e7\u00f5es.<\/p>\n<p>&nbsp;<\/p>\n<p>Dura\u00e7\u00e3o m\u00e1xima da aula: 20 min.<\/p>\n<p>Data 18\/12\/2013.<\/p>\n<p>&nbsp;<\/p>\n<p>&nbsp;<\/p>\n<p>&nbsp;<\/p>\n<p>&nbsp;<\/p>\n","protected":false},"excerpt":{"rendered":"<p>PROCESSO SELETIVO DE DOCENTES, NOS TERMOS DO COMUNICADO CEETEPS N\u00b0 1\/2009, E SUAS ALTERA\u00c7\u00d5ES. &nbsp; AVISO N\u00b0238\/01\/2013 de 29\/10\/2013. Processo n\u00b0 0007325\/2013 &nbsp; AVISO DE DEFERIMENTO E INDEFERIMENTO DE INSCRI\u00c7\u00d5ES E CONVOCA\u00c7\u00c3O PARA AULA TESTE. O Diretor de Escola T\u00e9cnica da ETEC Irm\u00e3 Agostina faz saber aos candidatos abaixo relacionados o deferimento e indeferimento das&nbsp;&hellip;<\/p>\n","protected":false},"author":1,"featured_media":0,"comment_status":"closed","ping_status":"open","sticky":false,"template":"","format":"standard","meta":[],"categories":[8],"tags":[],"_links":{"self":[{"href":"https:\/\/etecia.com.br\/index.php?rest_route=\/wp\/v2\/posts\/839"}],"collection":[{"href":"https:\/\/etecia.com.br\/index.php?rest_route=\/wp\/v2\/posts"}],"about":[{"href":"https:\/\/etecia.com.br\/index.php?rest_route=\/wp\/v2\/types\/post"}],"author":[{"embeddable":true,"href":"https:\/\/etecia.com.br\/index.php?rest_route=\/wp\/v2\/users\/1"}],"replies":[{"embeddable":true,"href":"https:\/\/etecia.com.br\/index.php?rest_route=%2Fwp%2Fv2%2Fcomments&post=839"}],"version-history":[{"count":0,"href":"https:\/\/etecia.com.br\/index.php?rest_route=\/wp\/v2\/posts\/839\/revisions"}],"wp:attachment":[{"href":"https:\/\/etecia.com.br\/index.php?rest_route=%2Fwp%2Fv2%2Fmedia&parent=839"}],"wp:term":[{"taxonomy":"category","embeddable":true,"href":"https:\/\/etecia.com.br\/index.php?rest_route=%2Fwp%2Fv2%2Fcategories&post=839"},{"taxonomy":"post_tag","embeddable":true,"href":"https:\/\/etecia.com.br\/index.php?rest_route=%2Fwp%2Fv2%2Ftags&post=839"}],"curies":[{"name":"wp","href":"https:\/\/api.w.org\/{rel}","templated":true}]}}