{"id":835,"date":"2013-12-04T10:04:40","date_gmt":"2013-12-04T13:04:40","guid":{"rendered":"http:\/\/etecia.com.br\/portaletecia\/?p=835"},"modified":"2013-12-04T10:04:40","modified_gmt":"2013-12-04T13:04:40","slug":"conselho-de-escola","status":"publish","type":"post","link":"https:\/\/etecia.com.br\/?p=835","title":{"rendered":"Conselho de Escola"},"content":{"rendered":"<p><i>A dire\u00e7\u00e3o da Etec Irm\u00e3 Agostina tem o prazer de convidar a todos a participar da\u00a0<\/i><\/p>\n<p><i>assembleia de Constitui\u00e7\u00e3o do Conselho de Escola que ser\u00e1 realizada\u00a0<\/i><\/p>\n<p><i>no dia 06\/12\/2013 (sexta feira) \u00e0s 19h primeira chamada e 19h30 a\u00a0<\/i><\/p>\n<p><i>segunda chamada, no laborat\u00f3rio de Gest\u00e3o.<\/i><\/p>\n","protected":false},"excerpt":{"rendered":"<p>A dire\u00e7\u00e3o da Etec Irm\u00e3 Agostina tem o prazer de convidar a todos a participar da\u00a0 assembleia de Constitui\u00e7\u00e3o do Conselho de Escola que ser\u00e1 realizada\u00a0 no dia 06\/12\/2013 (sexta feira) \u00e0s 19h primeira chamada e 19h30 a\u00a0 segunda chamada, no laborat\u00f3rio de Gest\u00e3o.<\/p>\n","protected":false},"author":1,"featured_media":0,"comment_status":"closed","ping_status":"open","sticky":false,"template":"","format":"standard","meta":[],"categories":[2],"tags":[],"_links":{"self":[{"href":"https:\/\/etecia.com.br\/index.php?rest_route=\/wp\/v2\/posts\/835"}],"collection":[{"href":"https:\/\/etecia.com.br\/index.php?rest_route=\/wp\/v2\/posts"}],"about":[{"href":"https:\/\/etecia.com.br\/index.php?rest_route=\/wp\/v2\/types\/post"}],"author":[{"embeddable":true,"href":"https:\/\/etecia.com.br\/index.php?rest_route=\/wp\/v2\/users\/1"}],"replies":[{"embeddable":true,"href":"https:\/\/etecia.com.br\/index.php?rest_route=%2Fwp%2Fv2%2Fcomments&post=835"}],"version-history":[{"count":0,"href":"https:\/\/etecia.com.br\/index.php?rest_route=\/wp\/v2\/posts\/835\/revisions"}],"wp:attachment":[{"href":"https:\/\/etecia.com.br\/index.php?rest_route=%2Fwp%2Fv2%2Fmedia&parent=835"}],"wp:term":[{"taxonomy":"category","embeddable":true,"href":"https:\/\/etecia.com.br\/index.php?rest_route=%2Fwp%2Fv2%2Fcategories&post=835"},{"taxonomy":"post_tag","embeddable":true,"href":"https:\/\/etecia.com.br\/index.php?rest_route=%2Fwp%2Fv2%2Ftags&post=835"}],"curies":[{"name":"wp","href":"https:\/\/api.w.org\/{rel}","templated":true}]}}