{"id":826,"date":"2013-11-19T08:45:28","date_gmt":"2013-11-19T11:45:28","guid":{"rendered":"http:\/\/etecia.com.br\/portaletecia\/?p=826"},"modified":"2013-11-19T08:45:28","modified_gmt":"2013-11-19T11:45:28","slug":"etecia-abre-inscricao-para-processo-seletivo-docente-para-2014","status":"publish","type":"post","link":"https:\/\/etecia.com.br\/?p=826","title":{"rendered":"Etecia abre inscri\u00e7\u00e3o para processo seletivo docente para 2014"},"content":{"rendered":"<p><a href=\"http:\/\/etecia.com.br\/portaletecia\/wp-content\/uploads\/2013\/11\/professora.jpg\" class=\"broken_link\"><img loading=\"lazy\" class=\" wp-image-828 alignleft\" alt=\"professora\" src=\"http:\/\/etecia.com.br\/portaletecia\/wp-content\/uploads\/2013\/11\/professora.jpg\" width=\"341\" height=\"208\" \/><\/a>O Diretor de Escola T\u00e9cnica da ETEC Irm\u00e3 Agostina, da cidade de S\u00e3o Paulo, com fundamento no Comunicado CEETEPS-1, de 30.01.2009, publicado no DOE de 31.01.2009, com altera\u00e7\u00f5es introduzidas pelos Comunicados CEETEPS n<sup>os<\/sup> 3, 5\/2009 , 2\/2010 e 2\/2011, faz saber que encontram-se abertas as inscri\u00e7\u00f5es aos Processos Seletivos para a forma\u00e7\u00e3o de cadastro de docentes, nos componentes e grupos de componentes curriculares a seguir discriminados:<\/p>\n<ol>\n<li><b>Educa\u00e7\u00e3o F\u00edsica (Base Nacional Comum &#8211; Ensino M\u00e9dio);<\/b><\/li>\n<li><b>Qu\u00edmica (Base Nacional Comum &#8211; Ensino M\u00e9dio);<\/b><\/li>\n<li><b>Biologia (Base Nacional Comum &#8211; Ensino M\u00e9dio);<\/b><\/li>\n<li><b>Geografia (Base Nacional Comum \u2013 Ensino M\u00e9dio);<\/b><\/li>\n<li><b>Matem\u00e1tica (Base Nacional Comum \u2013 Ensino M\u00e9dio);<\/b><\/li>\n<li><b>L\u00edngua Portuguesa e Literatura (Base Nacional Comum \u2013 Ensino M\u00e9dio) ; \u00a0 \u00a0<\/b><\/li>\n<li><b>Filosofia (Base Nacional Comum \u2013 Ensino M\u00e9dio);<\/b><\/li>\n<li><b>Sociologia (Base Nacional Comum \u2013 Ensino M\u00e9dio);<\/b><\/li>\n<li><b>L\u00edngua Estrangeira Moderna &#8211; Ingl\u00eas (Parte Diversificada &#8212; Ensino M\u00e9dio);<\/b><\/li>\n<li><b>L\u00edngua Estrangeira Moderna &#8211; Espanhol (Parte Diversificada \u2013 Ensino M\u00e9dio);<\/b><\/li>\n<li><b>F\u00edsica (Base Nacional Comum \u2013 Ensino M\u00e9dio);<\/b><\/li>\n<li><b>Qu\u00edmica dos Alimentos (Qu\u00edmica); \u00a0\u00a0<\/b><\/li>\n<li><b>Metrologia Qu\u00edmica (Qu\u00edmica);<\/b><\/li>\n<li><b>An\u00e1lise Qu\u00edmica Quantitativa (Qu\u00edmica);<\/b><\/li>\n<li><b>T\u00f3picos de Qu\u00edmica Experimental ( Qu\u00edmica);<\/b><\/li>\n<li><b>Instala\u00e7\u00e3o e Manuten\u00e7\u00e3o de Computadores (Inform\u00e1tica);<\/b><\/li>\n<li><b>L\u00f3gica de Programa\u00e7\u00e3o (Inform\u00e1tica);<\/b><\/li>\n<li><b>Gest\u00e3o de Sistemas Operacionais I e II (Inform\u00e1tica) \u00a0 \u00a0 \u00a0 \u00a0 \u00a0\u00a0<\/b><\/li>\n<li><b>Programa\u00e7\u00e3o de Computadores I e II (Inform\u00e1tica)<\/b><\/li>\n<li><b>An\u00e1lise de Processos F\u00edsico-Qu\u00edmicos I e II (Qu\u00edmica)<\/b><\/li>\n<li><b>Opera\u00e7\u00f5es Unit\u00e1rias nos Processos Industriais I e II (Qu\u00edmica)<\/b><\/li>\n<li><b><\/b><b><\/b><b>S\u00edntese e identifica\u00e7\u00e3o dos Compostos Org\u00e2nicos I e II (Qu\u00edmica)<\/b><\/li>\n<\/ol>\n<p><strong>Per\u00edodo,\u00a0 local de inscri\u00e7\u00f5es e valor da hora aula.<\/strong><\/p>\n<ol>\n<li>As inscri\u00e7\u00f5es ser\u00e3o recebidas no per\u00edodo de 25\/11 a 29\/11\/2013 e de 02\/12 a 04\/12\/2013, no hor\u00e1rio das 10h00min \u00e0s 17h00min horas.<\/li>\n<li>Local de inscri\u00e7\u00f5es &#8211; ETEC Irm\u00e3 Agostina<\/li>\n<\/ol>\n<p>Endere\u00e7o: Av. Feliciano Correia s\/ n\u00ba,\u00a0Bairro Jardim Sat\u00e9lite &#8211; Cidade S\u00e3o Paulo,\u00a0Telefone 56673971 site <a href=\"http:\/\/etecia.com.br\">www.etecia.com.br<\/a><\/p>\n<p>3. O valor da hora-aula prestada \u00e9 de R$ 14,81 (quatorze reais e oitenta e um centavos), correspondente refer\u00eancia P-1.<\/p>\n<p><b>\u2013 Recolher \u00e0 Associa\u00e7\u00e3o de Pais e Mestres \u2013 APM da Unidade de Ensino, a taxa no valor de R$ 10,00 (dez reais), por inscri\u00e7\u00e3o, a t\u00edtulo de ressarcimento de despesas com material e servi\u00e7os. (Comunicado CEETEPS-3 de 07.05.2009, publicado no DOE de 09.05.2009.)<\/b><\/p>\n<p><b>\u00a0<\/b><b>\u2013 As regras do processo seletivo encontram-se nos Comunicados CEETEPS acima citados.<\/b><\/p>\n<p><b>\u2013 O Aviso supra, os Comunicados CEETEPS n\u00ba<sup>s<\/sup> 1, 3, 5\/2009 , 2\/2010, e 2\/2011, e a Delibera\u00e7\u00e3o CEETEPS-2\/2009 de 28.01.2009, divulgada no DOE de 29.01.2009, encontram-se afixados nas depend\u00eancias da ETEC.<\/b><\/p>\n","protected":false},"excerpt":{"rendered":"<p>O Diretor de Escola T\u00e9cnica da ETEC Irm\u00e3 Agostina, da cidade de S\u00e3o Paulo, com fundamento no Comunicado CEETEPS-1, de 30.01.2009, publicado no DOE de 31.01.2009, com altera\u00e7\u00f5es introduzidas pelos Comunicados CEETEPS nos 3, 5\/2009 , 2\/2010 e 2\/2011, faz saber que encontram-se abertas as inscri\u00e7\u00f5es aos Processos Seletivos para a forma\u00e7\u00e3o de cadastro de&nbsp;&hellip;<\/p>\n","protected":false},"author":1,"featured_media":0,"comment_status":"closed","ping_status":"open","sticky":false,"template":"","format":"standard","meta":[],"categories":[2],"tags":[],"_links":{"self":[{"href":"https:\/\/etecia.com.br\/index.php?rest_route=\/wp\/v2\/posts\/826"}],"collection":[{"href":"https:\/\/etecia.com.br\/index.php?rest_route=\/wp\/v2\/posts"}],"about":[{"href":"https:\/\/etecia.com.br\/index.php?rest_route=\/wp\/v2\/types\/post"}],"author":[{"embeddable":true,"href":"https:\/\/etecia.com.br\/index.php?rest_route=\/wp\/v2\/users\/1"}],"replies":[{"embeddable":true,"href":"https:\/\/etecia.com.br\/index.php?rest_route=%2Fwp%2Fv2%2Fcomments&post=826"}],"version-history":[{"count":0,"href":"https:\/\/etecia.com.br\/index.php?rest_route=\/wp\/v2\/posts\/826\/revisions"}],"wp:attachment":[{"href":"https:\/\/etecia.com.br\/index.php?rest_route=%2Fwp%2Fv2%2Fmedia&parent=826"}],"wp:term":[{"taxonomy":"category","embeddable":true,"href":"https:\/\/etecia.com.br\/index.php?rest_route=%2Fwp%2Fv2%2Fcategories&post=826"},{"taxonomy":"post_tag","embeddable":true,"href":"https:\/\/etecia.com.br\/index.php?rest_route=%2Fwp%2Fv2%2Ftags&post=826"}],"curies":[{"name":"wp","href":"https:\/\/api.w.org\/{rel}","templated":true}]}}