{"id":748,"date":"2013-07-31T19:39:04","date_gmt":"2013-07-31T22:39:04","guid":{"rendered":"http:\/\/etecia.com.br\/portaletecia\/?p=748"},"modified":"2013-07-31T19:39:04","modified_gmt":"2013-07-31T22:39:04","slug":"programa-estadual-de-qualificacao-profissional","status":"publish","type":"post","link":"https:\/\/etecia.com.br\/?p=748","title":{"rendered":"Programa Estadual de Qualifica\u00e7\u00e3o Profissional"},"content":{"rendered":"<p><a href=\"http:\/\/etecia.com.br\/portaletecia\/wp-content\/uploads\/2013\/07\/ID-100100158.jpg\" class=\"broken_link\"><img loading=\"lazy\" class=\"alignleft size-full wp-image-750\" alt=\"ID-100100158\" src=\"http:\/\/etecia.com.br\/portaletecia\/wp-content\/uploads\/2013\/07\/ID-100100158.jpg\" width=\"400\" height=\"266\" \/><\/a>O Centro Paula Souza e a Secretaria de Emprego e Rela\u00e7\u00f5es do Trabalho est\u00e3o oferecendo 30 vagas limitadas para os cursos de\u00a0<strong>Assistente Administrativo<\/strong> e\u00a0<strong>Auxiliar de Departamento Pessoal.<\/strong><\/p>\n<p>Para participar do curso o candidato deve ter no m\u00ednimo 16 anos e preferencialmente estar desempregado.<\/p>\n<p>O programa ter\u00e1 dura\u00e7\u00e3o de 12 at\u00e9 20 dias consecutivos, sendo as aulas de segunda a sexta-feira, na ETEC Irm\u00e3 Agostina. Al\u00e9m disso, os candidatos receber\u00e3o lanche, material did\u00e1tico, al\u00e9m de benef\u00edcio de transporte no valor de R$120,00 e bolsa-aux\u00edlio no valor de R$210,00 para os candidatos desempregados.<\/p>\n<p>Os interessados devem comparecer na Avenida Feliciano Correia, s\/n no hor\u00e1rio da 09h00 \u00e0s 16h00 de segunda a sexta-feira, com RG, CPF e comprovante de endere\u00e7o para efetuar sua inscri\u00e7\u00e3o\/matr\u00edcula at\u00e9 dia 07\/08\/2013.<\/p>\n","protected":false},"excerpt":{"rendered":"<p>O Centro Paula Souza e a Secretaria de Emprego e Rela\u00e7\u00f5es do Trabalho est\u00e3o oferecendo 30 vagas limitadas para os cursos de\u00a0Assistente Administrativo e\u00a0Auxiliar de Departamento Pessoal. Para participar do curso o candidato deve ter no m\u00ednimo 16 anos e preferencialmente estar desempregado. O programa ter\u00e1 dura\u00e7\u00e3o de 12 at\u00e9 20 dias consecutivos, sendo as&nbsp;&hellip;<\/p>\n","protected":false},"author":1,"featured_media":0,"comment_status":"closed","ping_status":"open","sticky":false,"template":"","format":"standard","meta":[],"categories":[2],"tags":[],"_links":{"self":[{"href":"https:\/\/etecia.com.br\/index.php?rest_route=\/wp\/v2\/posts\/748"}],"collection":[{"href":"https:\/\/etecia.com.br\/index.php?rest_route=\/wp\/v2\/posts"}],"about":[{"href":"https:\/\/etecia.com.br\/index.php?rest_route=\/wp\/v2\/types\/post"}],"author":[{"embeddable":true,"href":"https:\/\/etecia.com.br\/index.php?rest_route=\/wp\/v2\/users\/1"}],"replies":[{"embeddable":true,"href":"https:\/\/etecia.com.br\/index.php?rest_route=%2Fwp%2Fv2%2Fcomments&post=748"}],"version-history":[{"count":0,"href":"https:\/\/etecia.com.br\/index.php?rest_route=\/wp\/v2\/posts\/748\/revisions"}],"wp:attachment":[{"href":"https:\/\/etecia.com.br\/index.php?rest_route=%2Fwp%2Fv2%2Fmedia&parent=748"}],"wp:term":[{"taxonomy":"category","embeddable":true,"href":"https:\/\/etecia.com.br\/index.php?rest_route=%2Fwp%2Fv2%2Fcategories&post=748"},{"taxonomy":"post_tag","embeddable":true,"href":"https:\/\/etecia.com.br\/index.php?rest_route=%2Fwp%2Fv2%2Ftags&post=748"}],"curies":[{"name":"wp","href":"https:\/\/api.w.org\/{rel}","templated":true}]}}