{"id":699,"date":"2013-06-06T11:11:50","date_gmt":"2013-06-06T14:11:50","guid":{"rendered":"http:\/\/etecia.com.br\/portaletecia\/?p=699"},"modified":"2013-06-06T11:11:50","modified_gmt":"2013-06-06T14:11:50","slug":"festa-junina-solidaria","status":"publish","type":"post","link":"https:\/\/etecia.com.br\/?p=699","title":{"rendered":"Festa Junina Solid\u00e1ria"},"content":{"rendered":"<p>A ETEC Irm\u00e3 Agostina realizar\u00e1 no dia 15 de junho de 2013 o arrai\u00e1 solid\u00e1rio. A festa acontecer\u00e1 das 12:00 as 19:00.<\/p>\n<p>Haver\u00e1 uma enorme variedade de comidas t\u00edpicas e brincadeiras. O valor do convite \u00e9 R$2,00 e parte da renda do evento ser\u00e1 revertida para o Instituto Canto da Luz.<\/p>\n<p>Venha participar desse grande evento.<\/p>\n","protected":false},"excerpt":{"rendered":"<p>A ETEC Irm\u00e3 Agostina realizar\u00e1 no dia 15 de junho de 2013 o arrai\u00e1 solid\u00e1rio. A festa acontecer\u00e1 das 12:00 as 19:00. Haver\u00e1 uma enorme variedade de comidas t\u00edpicas e brincadeiras. O valor do convite \u00e9 R$2,00 e parte da renda do evento ser\u00e1 revertida para o Instituto Canto da Luz. Venha participar desse grande&nbsp;&hellip;<\/p>\n","protected":false},"author":1,"featured_media":0,"comment_status":"closed","ping_status":"open","sticky":false,"template":"","format":"standard","meta":[],"categories":[2],"tags":[],"_links":{"self":[{"href":"https:\/\/etecia.com.br\/index.php?rest_route=\/wp\/v2\/posts\/699"}],"collection":[{"href":"https:\/\/etecia.com.br\/index.php?rest_route=\/wp\/v2\/posts"}],"about":[{"href":"https:\/\/etecia.com.br\/index.php?rest_route=\/wp\/v2\/types\/post"}],"author":[{"embeddable":true,"href":"https:\/\/etecia.com.br\/index.php?rest_route=\/wp\/v2\/users\/1"}],"replies":[{"embeddable":true,"href":"https:\/\/etecia.com.br\/index.php?rest_route=%2Fwp%2Fv2%2Fcomments&post=699"}],"version-history":[{"count":0,"href":"https:\/\/etecia.com.br\/index.php?rest_route=\/wp\/v2\/posts\/699\/revisions"}],"wp:attachment":[{"href":"https:\/\/etecia.com.br\/index.php?rest_route=%2Fwp%2Fv2%2Fmedia&parent=699"}],"wp:term":[{"taxonomy":"category","embeddable":true,"href":"https:\/\/etecia.com.br\/index.php?rest_route=%2Fwp%2Fv2%2Fcategories&post=699"},{"taxonomy":"post_tag","embeddable":true,"href":"https:\/\/etecia.com.br\/index.php?rest_route=%2Fwp%2Fv2%2Ftags&post=699"}],"curies":[{"name":"wp","href":"https:\/\/api.w.org\/{rel}","templated":true}]}}