{"id":650,"date":"2013-05-10T14:49:50","date_gmt":"2013-05-10T17:49:50","guid":{"rendered":"http:\/\/etecia.com.br\/portaletecia\/?p=650"},"modified":"2013-05-10T14:49:50","modified_gmt":"2013-05-10T17:49:50","slug":"microsoft-world-wide-event-etecia","status":"publish","type":"post","link":"https:\/\/etecia.com.br\/?p=650","title":{"rendered":"Microsoft World Wide Event &#8211; ETECIA"},"content":{"rendered":"<p><a href=\"http:\/\/etecia.com.br\/portaletecia\/wp-content\/uploads\/2013\/05\/evento_ms.png\" class=\"broken_link\"><img loading=\"lazy\" class=\"alignleft size-medium wp-image-652\" alt=\"evento_ms\" src=\"http:\/\/etecia.com.br\/portaletecia\/wp-content\/uploads\/2013\/05\/evento_ms-300x150.png\" width=\"300\" height=\"150\" \/><\/a>A ETEC Irm\u00e3 Agostina ir\u00e1 realizar um evento em parceria com a Microsoft no dia 18 de maio de 2013. Nesse evento, a escola ir\u00e1 receber cinco profissionais certificados da Microsoft que apresentar\u00e3o palestras sobre diversos temas, com as mais novas tecnologias da empresa.<\/p>\n<p>O evento ser\u00e1 aberto a toda comunidade escolar e ser\u00e1 emitido certificado de participa\u00e7\u00e3o para quem se inscriver antecipadamente no site do evento. Para fazer a inscri\u00e7\u00e3o, visite o seguinte endere\u00e7o:\u00a0<a title=\"https:\/\/msevents.microsoft.com\/\" href=\"https:\/\/msevents.microsoft.com\/cui\/m\/EventDetail.aspx?EventID=1032554161&amp;Culture=pt-BR&amp;community=0#\" target=\"_blank\">https:\/\/msevents.microsoft.com\/cui\/m\/EventDetail.aspx?EventID=1032554161&amp;Culture=pt-BR&amp;community=0#<\/a><\/p>\n<p>Al\u00e9m disso, haver\u00e1 <span style=\"text-decoration: underline;\"><strong>sorteio de pr\u00eamios<\/strong><\/span> no final do evento.<\/p>\n<p>Confira a agenda de palestras:<\/p>\n<p><strong>09:00 &#8211; Microsoft Windows Embedded<\/strong><\/p>\n<p>\u201cWindows 8, PushNotification, Windows Embedded, Hardware Dedicado, Programa\u00e7\u00e3o em C# para Embedded, tudo isso parece grego para quem sempre viveu no mundo dos PCs, mas Windows Embedded permite que tudo isso esteja ao nosso alcance, usando C# como linguagem de programa\u00e7\u00e3o. Saia desta palestra com o lado esquerdo do c\u00e9rebro pipocando de ideias!<\/p>\n<p>Palestrante:\u00a0<b>Claudenir Campos Andrade | MVP Windows Embedded\u00a0<\/b><\/p>\n<p>Claudenir Andrade trabalha com automa\u00e7\u00e3o comercial h\u00e1 15 anos. Foi o idealizador do primeiro webservice para automa\u00e7\u00e3o comercial e do protocolo XML para comunica\u00e7\u00e3o com impressoras fiscais e n\u00e3o fiscais.<\/p>\n<p><strong>10:00 &#8211; Produtividade em MS- Excel<\/strong><\/p>\n<p>Palestrante:\u00a0<b>Jo\u00e3o Benito Savastano | MVP Excel<\/b><\/p>\n<p>Diretor de Tecnologia da Mondial Tecnologia em Informatica, empresa especializada em Treinamento e Desenvolvimento de solu\u00e7\u00f5es baseadas em MS-Office. Trabalha com o MS-Excel desde 1987.<\/p>\n<p><strong>11:00 &#8211; Conhe\u00e7a a plataforma de computa\u00e7\u00e3o em nuvem da Microsoft<\/strong><\/p>\n<p>Palestrante:\u00a0<b>Josue Vidal | MVP em System Center Cloud e Datacenter Management\u00a0<\/b><\/p>\n<p><strong>12:00 &#8211; Almo\u00e7o<\/strong><\/p>\n<p><strong>13:00 &#8211; Profissional do Futuro<\/strong><\/p>\n<p>Palestrante:\u00a0<b>Dinart Azevedo | Diretor de Tecnologia\u00a0<\/b><\/p>\n<p><strong>14:00 &#8211; Hackers &#8211; Eles existem?<\/strong><\/p>\n<p>Hackers &#8211; Eles existem? At\u00e9 onde estamos seguros? Conhe\u00e7a os principais ataques e os perfis dos novos hackers. Conhe\u00e7a o Hacker \u00c9tico e as contramedidas. Uma viagem a um mundo paralelo atrav\u00e9s da grande rede, onde os cybers criminosos est\u00e3o prontos para atacar.<\/p>\n<p>Palestrante:\u00a0<b>Daniel Donda &#8211; MVP &#8211; Windows Expert-IT.\u00a0<\/b>Fundador do <a href=\"http:\/\/mcsesolution.com\/\" class=\"broken_link\">Mcsesolution.com<\/a> e do <a href=\"http:\/\/www.infosecbrasil.org\/\">www.infosecbrasil.org<\/a> especializado em Infraestrutura de redes e seguran\u00e7a da Informa\u00e7\u00e3o.<\/p>\n<p>Fa\u00e7a a sua inscri\u00e7\u00e3o e confirme a sua participa\u00e7\u00e3o.<\/p>\n","protected":false},"excerpt":{"rendered":"<p>A ETEC Irm\u00e3 Agostina ir\u00e1 realizar um evento em parceria com a Microsoft no dia 18 de maio de 2013. Nesse evento, a escola ir\u00e1 receber cinco profissionais certificados da Microsoft que apresentar\u00e3o palestras sobre diversos temas, com as mais novas tecnologias da empresa. O evento ser\u00e1 aberto a toda comunidade escolar e ser\u00e1 emitido&nbsp;&hellip;<\/p>\n","protected":false},"author":1,"featured_media":0,"comment_status":"open","ping_status":"open","sticky":false,"template":"","format":"standard","meta":[],"categories":[2],"tags":[],"_links":{"self":[{"href":"https:\/\/etecia.com.br\/index.php?rest_route=\/wp\/v2\/posts\/650"}],"collection":[{"href":"https:\/\/etecia.com.br\/index.php?rest_route=\/wp\/v2\/posts"}],"about":[{"href":"https:\/\/etecia.com.br\/index.php?rest_route=\/wp\/v2\/types\/post"}],"author":[{"embeddable":true,"href":"https:\/\/etecia.com.br\/index.php?rest_route=\/wp\/v2\/users\/1"}],"replies":[{"embeddable":true,"href":"https:\/\/etecia.com.br\/index.php?rest_route=%2Fwp%2Fv2%2Fcomments&post=650"}],"version-history":[{"count":0,"href":"https:\/\/etecia.com.br\/index.php?rest_route=\/wp\/v2\/posts\/650\/revisions"}],"wp:attachment":[{"href":"https:\/\/etecia.com.br\/index.php?rest_route=%2Fwp%2Fv2%2Fmedia&parent=650"}],"wp:term":[{"taxonomy":"category","embeddable":true,"href":"https:\/\/etecia.com.br\/index.php?rest_route=%2Fwp%2Fv2%2Fcategories&post=650"},{"taxonomy":"post_tag","embeddable":true,"href":"https:\/\/etecia.com.br\/index.php?rest_route=%2Fwp%2Fv2%2Ftags&post=650"}],"curies":[{"name":"wp","href":"https:\/\/api.w.org\/{rel}","templated":true}]}}