{"id":643,"date":"2013-05-03T14:52:23","date_gmt":"2013-05-03T17:52:23","guid":{"rendered":"http:\/\/etecia.com.br\/portaletecia\/?p=643"},"modified":"2013-05-03T14:52:23","modified_gmt":"2013-05-03T17:52:23","slug":"convocacao-para-constituicao-da-apm","status":"publish","type":"post","link":"https:\/\/etecia.com.br\/?p=643","title":{"rendered":"Convoca\u00e7\u00e3o para Constitui\u00e7\u00e3o da APM"},"content":{"rendered":"<p align=\"center\"><b>Edital de Convoca\u00e7\u00e3o<\/b><\/p>\n<p align=\"center\"><b>\u00a0<\/b><\/p>\n<p><b>Na qualidade de diretora da ESCOLA T\u00c9CNICA ESTADUAL IRM\u00c3 AGOSTINA eu PROF\u00aa. ANA L\u00daCIA CALA\u00c7A, RG n. 18.756.551,\u00a0 convoco os Srs. Pais, alunos e Professores para a constitui\u00e7\u00e3o da ASSOCIA\u00c7\u00c3O DE PAIS E MESTRES \u2013 A P M, que se dar\u00e1 em Assembl\u00e9ia marcada para o dia 06\/05\/2013, 2\u00aa. feira, \u00e0s 19h00, em 1.a Convoca\u00e7\u00e3o e \u00e0s 19h30 em 2\u00aa. Convoca\u00e7\u00e3o. Na mesma oportunidade, ser\u00e3o preenchidos os cargos dos Conselhos Deliberativo e Fiscal, bem como da Diretoria Executiva da A P M.<\/b><\/p>\n<p><b>\u00a0<\/b><\/p>\n<p align=\"center\"><b>S\u00e3o Paulo, 02 de maio de 2013.<\/b><\/p>\n<p align=\"center\"><b>\u00a0<\/b><\/p>\n<p align=\"center\"><b>\u00a0<\/b><\/p>\n<p align=\"center\"><b>PROF\u00aa. Ana L\u00facia Cala\u00e7a<\/b><\/p>\n<p align=\"center\"><b>RG. 18.756.551<\/b><\/p>\n<p><b>\u00a0 \u00a0\u00a0\u00a0<\/b><\/p>\n","protected":false},"excerpt":{"rendered":"<p>Edital de Convoca\u00e7\u00e3o \u00a0 Na qualidade de diretora da ESCOLA T\u00c9CNICA ESTADUAL IRM\u00c3 AGOSTINA eu PROF\u00aa. ANA L\u00daCIA CALA\u00c7A, RG n. 18.756.551,\u00a0 convoco os Srs. Pais, alunos e Professores para a constitui\u00e7\u00e3o da ASSOCIA\u00c7\u00c3O DE PAIS E MESTRES \u2013 A P M, que se dar\u00e1 em Assembl\u00e9ia marcada para o dia 06\/05\/2013, 2\u00aa. feira, \u00e0s&nbsp;&hellip;<\/p>\n","protected":false},"author":1,"featured_media":0,"comment_status":"closed","ping_status":"open","sticky":false,"template":"","format":"standard","meta":[],"categories":[2],"tags":[],"_links":{"self":[{"href":"https:\/\/etecia.com.br\/index.php?rest_route=\/wp\/v2\/posts\/643"}],"collection":[{"href":"https:\/\/etecia.com.br\/index.php?rest_route=\/wp\/v2\/posts"}],"about":[{"href":"https:\/\/etecia.com.br\/index.php?rest_route=\/wp\/v2\/types\/post"}],"author":[{"embeddable":true,"href":"https:\/\/etecia.com.br\/index.php?rest_route=\/wp\/v2\/users\/1"}],"replies":[{"embeddable":true,"href":"https:\/\/etecia.com.br\/index.php?rest_route=%2Fwp%2Fv2%2Fcomments&post=643"}],"version-history":[{"count":0,"href":"https:\/\/etecia.com.br\/index.php?rest_route=\/wp\/v2\/posts\/643\/revisions"}],"wp:attachment":[{"href":"https:\/\/etecia.com.br\/index.php?rest_route=%2Fwp%2Fv2%2Fmedia&parent=643"}],"wp:term":[{"taxonomy":"category","embeddable":true,"href":"https:\/\/etecia.com.br\/index.php?rest_route=%2Fwp%2Fv2%2Fcategories&post=643"},{"taxonomy":"post_tag","embeddable":true,"href":"https:\/\/etecia.com.br\/index.php?rest_route=%2Fwp%2Fv2%2Ftags&post=643"}],"curies":[{"name":"wp","href":"https:\/\/api.w.org\/{rel}","templated":true}]}}