{"id":581,"date":"2013-04-09T08:53:25","date_gmt":"2013-04-09T11:53:25","guid":{"rendered":"http:\/\/etecia.com.br\/portaletecia\/?p=581"},"modified":"2013-04-09T08:53:25","modified_gmt":"2013-04-09T11:53:25","slug":"convocacao-para-reuniao-da-apm","status":"publish","type":"post","link":"https:\/\/etecia.com.br\/?p=581","title":{"rendered":"Convoca\u00e7\u00e3o para reuni\u00e3o da APM"},"content":{"rendered":"<p><b>Reuni\u00e3o da APM \u00a0para \u00a0preenchimento dos cargos dos Conselhos Deliberativo e Fiscal, bem como da Diretoria Executiva.\u00a0<\/b><\/p>\n<p><b>A Assembl\u00e9ia est\u00e1 marcada para o dia 12\/04\/2013, 6\u00aa feira, \u00e0s 17h45, em 1\u00aa Convoca\u00e7\u00e3o e \u00e0s 18h15 em 2\u00aa convoca\u00e7\u00e3o.<\/b><\/p>\n","protected":false},"excerpt":{"rendered":"<p>Reuni\u00e3o da APM \u00a0para \u00a0preenchimento dos cargos dos Conselhos Deliberativo e Fiscal, bem como da Diretoria Executiva.\u00a0 A Assembl\u00e9ia est\u00e1 marcada para o dia 12\/04\/2013, 6\u00aa feira, \u00e0s 17h45, em 1\u00aa Convoca\u00e7\u00e3o e \u00e0s 18h15 em 2\u00aa convoca\u00e7\u00e3o.<\/p>\n","protected":false},"author":1,"featured_media":0,"comment_status":"closed","ping_status":"open","sticky":false,"template":"","format":"standard","meta":[],"categories":[2],"tags":[],"_links":{"self":[{"href":"https:\/\/etecia.com.br\/index.php?rest_route=\/wp\/v2\/posts\/581"}],"collection":[{"href":"https:\/\/etecia.com.br\/index.php?rest_route=\/wp\/v2\/posts"}],"about":[{"href":"https:\/\/etecia.com.br\/index.php?rest_route=\/wp\/v2\/types\/post"}],"author":[{"embeddable":true,"href":"https:\/\/etecia.com.br\/index.php?rest_route=\/wp\/v2\/users\/1"}],"replies":[{"embeddable":true,"href":"https:\/\/etecia.com.br\/index.php?rest_route=%2Fwp%2Fv2%2Fcomments&post=581"}],"version-history":[{"count":0,"href":"https:\/\/etecia.com.br\/index.php?rest_route=\/wp\/v2\/posts\/581\/revisions"}],"wp:attachment":[{"href":"https:\/\/etecia.com.br\/index.php?rest_route=%2Fwp%2Fv2%2Fmedia&parent=581"}],"wp:term":[{"taxonomy":"category","embeddable":true,"href":"https:\/\/etecia.com.br\/index.php?rest_route=%2Fwp%2Fv2%2Fcategories&post=581"},{"taxonomy":"post_tag","embeddable":true,"href":"https:\/\/etecia.com.br\/index.php?rest_route=%2Fwp%2Fv2%2Ftags&post=581"}],"curies":[{"name":"wp","href":"https:\/\/api.w.org\/{rel}","templated":true}]}}