{"id":560,"date":"2013-03-11T21:17:58","date_gmt":"2013-03-12T00:17:58","guid":{"rendered":"http:\/\/etecia.com.br\/portaletecia\/?p=560"},"modified":"2013-03-11T21:17:58","modified_gmt":"2013-03-12T00:17:58","slug":"convocacao-para-prova-didatica-do-concurso-324-13","status":"publish","type":"post","link":"https:\/\/etecia.com.br\/?p=560","title":{"rendered":"Convoca\u00e7\u00e3o para prova did\u00e1tica do concurso 324-13"},"content":{"rendered":"<p><b>CONCURSO P\u00daBLICO DE DOCENTES \u2013 Edital N\u00ba 238\/01\/2013 &#8211; Processo n\u00ba 324\/13.<\/b><\/p>\n<p><b>EDITAL DE DEFERIMENTO E INDEFERIMENTO DE INSCRI\u00c7\u00d5ES E CONVOCA\u00c7\u00c3O PARA A PROVA DID\u00c1TICA.<\/b><\/p>\n<p>&nbsp;<\/p>\n<p>&nbsp;<\/p>\n<p>O Diretor de Escola T\u00e9cnica da ETEC Irm\u00e3 Agostina comunica aos candidatos abaixo relacionados o deferimento e indeferimento das inscri\u00e7\u00f5es e convoca para a\u00a0 Prova Did\u00e1tica, a ser realizada na ETEC Capela do Socorro, sita na Av. Feliciano Correia, s\/n \u2013\u00a0 S\u00e3o Paulo.\u00a0\u00a0\u00a0 <i>Os candidatos convocados atender\u00e3o ao disposto no subitens 1.1.4, 1.1.4.1 e quando for o caso, o subitem 1.5.1, inciso IV do Edital de Abertura de Inscri\u00e7\u00f5es.<\/i><\/p>\n<p>&nbsp;<\/p>\n<p>&nbsp;<\/p>\n<p>Componente Curricular 1. Educa\u00e7\u00e3o F\u00edsica;<\/p>\n<p>INSCRI\u00c7\u00d5ES DEFERIDAS:<\/p>\n<p>N\u00ba de Inscri\u00e7\u00e3o\/Nome\/ D.I. \u2013 Tipo\/ Hor\u00e1rio:<\/p>\n<p>02\/Ronaldo Aparecido da Silva\/27.463.026-6\/RG\/08:30<\/p>\n<p>03\/Yochio Isobe\/7.183.280-4\/RG\/08:30<\/p>\n<p>04\/Renato Souza Santos\/16.624.947-6\/RG\/09:00<\/p>\n<p>05\/Maur\u00edcio Borges Celestino\/22.294.725-1\/RG\/09:00<\/p>\n<p>06\/Guilherme Salvador\/35.167.816-5\/RG\/09:30<\/p>\n<p>16\/Karen Santos Fabr\u00edcio\/44.344.534-5\/RG\/09:30<\/p>\n<p>17\/Jamilles Rachel Magalh\u00e3es da Cunha Dantas \/2.489.511\/RG\/10:00<\/p>\n<p>18\/Evelin Santos Nascimento \/41.645.555-4\/ RG\/10:00<\/p>\n<p>19\/Cicero Alexsandro de Souza\/21.129.109-2\/ RG\/10:30<\/p>\n<p>20\/Michael Saturnino Santos\/41.672.447-4\/RG\/10:30<\/p>\n<p>22\/Luiz Ricardo de Oliveira\/34.236.505-8 \/ RG\/11:00<\/p>\n<p>23\/Rafael Pereira Amaral\/ 46.528.731-1\/RG\/11:00<\/p>\n<p>24\/Weder da Silva Pires\/52.025.253-6 \/RG\/11:30<\/p>\n<p>25\/Ana L\u00facia de Oliveira\/23.954.183-2\/RG\/11;30<\/p>\n<p>28\/Luana de Barros Farias Albino\/44.597.978-1\/RG\/12:00<\/p>\n<p>34\/Sheila Aparecida Gon\u00e7alves\/24.623.416-7\/RG\/12:00<\/p>\n<p>35\/Wellington Camargo Fernandes\/32.715.085-3\/RG\/12:30<\/p>\n<p>&nbsp;<\/p>\n<p>DATA: 18\/03\/2013<\/p>\n<p>RELA\u00c7\u00c3O DOS 3 (TR\u00caS) TEMAS PARA A PROVA DID\u00c1TICA:<\/p>\n<p>1. Sistema Esquel\u00e9tico Muscular;<\/p>\n<p>2. Jogos Cooperativos e Jogos Competitivos;<\/p>\n<p>3. Sistema Cardiorrespirat\u00f3rio.<\/p>\n<p>TEMPO DE DURA\u00c7\u00c3O M\u00c1XIMA DA PROVA DID\u00c1TICA: 20 minutos<\/p>\n<p>&nbsp;<\/p>\n<p>Componente Curricular 2. Gest\u00e3o de Marketing<\/p>\n<p>INSCRI\u00c7\u00d5ES DEFERIDAS:<\/p>\n<p>N\u00ba de Inscri\u00e7\u00e3o\/Nome\/ D.I. \u2013 Tipo\/ Hor\u00e1rio:<\/p>\n<p>09\/T\u00e2nia Miranda de Mello\/14.248.881\/RG\/18:30<\/p>\n<p>10\/Carlos Eduardo do Nascimento\/45.153.612-5 \/RG \/19:00<\/p>\n<p>14\/Marta Amado de Moura Mello\/25.488.360-6 \/RG \/19:30<\/p>\n<p>31\/Emilio Mendes dos Reis\/23.829.197-2 \/RG \/20:00<\/p>\n<p>32\/Samantha Maria Alves Moraes\/22.207.031-6 \/RG \/20:30<\/p>\n<p>36\/M\u00f4nica Aparecida Camilo Jacomo\/23.585.059-7\/RG\/21:00<\/p>\n<p>37\/Elisangela Melo da Silva\/49.493.231-4\/RG\/21:30<\/p>\n<p>38\/Rodrigo Moratto\/34.084.277-5\/RG\/22:00<\/p>\n<p>DATA: 20\/03\/2013<\/p>\n<p>RELA\u00c7\u00c3O DOS 3 (TR\u00caS) TEMAS PARA A PROVA DID\u00c1TICA:<\/p>\n<p>1. Fundamentos do Mix de Marketing;<\/p>\n<p>2. No\u00e7\u00f5es de pesquisa de mercados;<\/p>\n<p>3. Processo de coleta de dados econ\u00f4micos e de mercado.<\/p>\n<p>TEMPO DE DURA\u00c7\u00c3O M\u00c1XIMA DA PROVA DID\u00c1TICA: 20 minutos.<\/p>\n<p>&nbsp;<\/p>\n<p>Componente Curricular 3. Gest\u00e3o de Dietas Modificadas e Especiais<\/p>\n<p>INSCRI\u00c7\u00d5ES DEFERIDAS:<\/p>\n<p>N\u00ba de Inscri\u00e7\u00e3o\/Nome\/ D.I. \u2013 Tipo\/ Hor\u00e1rio:<\/p>\n<p>07\/Bruna R\u00fabia de Lima\/33.547.962-5 \/RG\/14:00<\/p>\n<p>21\/Priscila Rodrigues Ribeiro\/29.592.351-9 \/RG\/14:30<\/p>\n<p>26\/Suzana Dourado de Souza\/35.033.625-8 \/RG\/15:00<\/p>\n<p>27\/Aline de Almeida Petrilli\/21.632.508-4 \/RG\/15:30<\/p>\n<p>30\/Cristiane Oliveira Damasceno\/42.304.666-4 \/RG\/16:00<\/p>\n<p>&nbsp;<\/p>\n<p>DATA: 18\/03\/2013<\/p>\n<p>RELA\u00c7\u00c3O DOS 3 (TR\u00caS) TEMAS PARA A PROVA DID\u00c1TICA:<\/p>\n<p>1. Principais altera\u00e7\u00f5es fisiopatol\u00f3gicas e condutas dietoter\u00e1picas nas enfermidades hep\u00e1ticas;<\/p>\n<p>2. Principais altera\u00e7\u00f5es fisiopatol\u00f3gicas e condutas dietoter\u00e1picas do sistema digest\u00f3rio nas enfermidades g\u00e1stricas;<\/p>\n<p>3. Principais altera\u00e7\u00f5es fisiopatol\u00f3gicas e conduta dietoter\u00e1pica nas nefropatias.<\/p>\n<p>&nbsp;<\/p>\n<p>TEMPO DE DURA\u00c7\u00c3O M\u00c1XIMA DA PROVA DID\u00c1TICA: 20 minutos.<\/p>\n<p>&nbsp;<\/p>\n<p>Componente Curricular 4. Administra\u00e7\u00e3o Jur\u00eddica<\/p>\n<p>INSCRI\u00c7\u00d5ES DEFERIDAS:<\/p>\n<p>N\u00ba de Inscri\u00e7\u00e3o\/Nome\/ D.I. \u2013 Tipo\/ Hor\u00e1rio:<\/p>\n<p>01\/Elizabel Cristina Silva Osmundo de Souza\/28.820.921-7\/RG\/18:30<\/p>\n<p>08\/Cl\u00e1udio Barbosa dos Santos\/42.090.972-2\/RG\/19:00<\/p>\n<p>11\/Lu\u00eds Fernando Lucas\/15.562.334-5 \/RG\/19:30<\/p>\n<p>12\/Silvia Aparecida da Ponicena\/15.217.438-2\/RG\/20:00<\/p>\n<p>15\/Sergio Seiti Kurita\/7.334.669\/RG\/20:30<\/p>\n<p>13\/Nelson Rodrigues Junior\/3.768.138\/RG\/21:00<\/p>\n<p>29\/Ver\u00f4nica Guilherme Ancelmo de Oliveira\/29.042.222-X\/RG\/21:30<\/p>\n<p>33\/Samantha Maria Alves Moraes\/22.207.031-6\/RG\/22:00<\/p>\n<p>&nbsp;<\/p>\n<p>DATA: 19\/03\/2013<\/p>\n<p>&#8211; RELA\u00c7\u00c3O DOS 3 (TR\u00caS) TEMAS PARA A PROVA DID\u00c1TICA:<\/p>\n<p>1. Direito P\u00fablico (Administra\u00e7\u00e3o P\u00fablica);<\/p>\n<p>2. Direito Trabalhista (Direitos e deveres dos empregados e empregadores);<\/p>\n<p>3. Direito do Consumidor.<\/p>\n<p>TEMPO DE DURA\u00c7\u00c3O M\u00c1XIMA DA PROVA DID\u00c1TICA: 20 minutos.<\/p>\n<p>&nbsp;<\/p>\n<p>&nbsp;<\/p>\n","protected":false},"excerpt":{"rendered":"<p>CONCURSO P\u00daBLICO DE DOCENTES \u2013 Edital N\u00ba 238\/01\/2013 &#8211; Processo n\u00ba 324\/13. EDITAL DE DEFERIMENTO E INDEFERIMENTO DE INSCRI\u00c7\u00d5ES E CONVOCA\u00c7\u00c3O PARA A PROVA DID\u00c1TICA. &nbsp; &nbsp; O Diretor de Escola T\u00e9cnica da ETEC Irm\u00e3 Agostina comunica aos candidatos abaixo relacionados o deferimento e indeferimento das inscri\u00e7\u00f5es e convoca para a\u00a0 Prova Did\u00e1tica, a ser&nbsp;&hellip;<\/p>\n","protected":false},"author":1,"featured_media":0,"comment_status":"closed","ping_status":"open","sticky":false,"template":"","format":"standard","meta":[],"categories":[8],"tags":[],"_links":{"self":[{"href":"https:\/\/etecia.com.br\/index.php?rest_route=\/wp\/v2\/posts\/560"}],"collection":[{"href":"https:\/\/etecia.com.br\/index.php?rest_route=\/wp\/v2\/posts"}],"about":[{"href":"https:\/\/etecia.com.br\/index.php?rest_route=\/wp\/v2\/types\/post"}],"author":[{"embeddable":true,"href":"https:\/\/etecia.com.br\/index.php?rest_route=\/wp\/v2\/users\/1"}],"replies":[{"embeddable":true,"href":"https:\/\/etecia.com.br\/index.php?rest_route=%2Fwp%2Fv2%2Fcomments&post=560"}],"version-history":[{"count":0,"href":"https:\/\/etecia.com.br\/index.php?rest_route=\/wp\/v2\/posts\/560\/revisions"}],"wp:attachment":[{"href":"https:\/\/etecia.com.br\/index.php?rest_route=%2Fwp%2Fv2%2Fmedia&parent=560"}],"wp:term":[{"taxonomy":"category","embeddable":true,"href":"https:\/\/etecia.com.br\/index.php?rest_route=%2Fwp%2Fv2%2Fcategories&post=560"},{"taxonomy":"post_tag","embeddable":true,"href":"https:\/\/etecia.com.br\/index.php?rest_route=%2Fwp%2Fv2%2Ftags&post=560"}],"curies":[{"name":"wp","href":"https:\/\/api.w.org\/{rel}","templated":true}]}}