{"id":5183,"date":"2023-01-11T13:56:30","date_gmt":"2023-01-11T16:56:30","guid":{"rendered":"http:\/\/etecia.com.br\/?p=5183"},"modified":"2023-01-11T13:56:30","modified_gmt":"2023-01-11T16:56:30","slug":"matriculas","status":"publish","type":"post","link":"https:\/\/etecia.com.br\/?p=5183","title":{"rendered":"Matr\u00edculas"},"content":{"rendered":"<div class=\"gridContainer\">\n<p>As matr\u00edculas para os candidatos convocados na primeira chamada do vestibulinho dever\u00e1 ser realizada nos dias 12 e 13 de janeiro. <\/p>\n<\/div>\n\n<div class=\"gridContainer\">\n<p><strong>Hor\u00e1rio<\/strong><\/p>\n<\/div>\n\n<div class=\"gridContainer\">\n<p>O atendimento presencial na secretaria da escola ser\u00e1 das 14h \u00e0s 20h.<\/p>\n<\/div>\n\n<div class=\"gridContainer\">\n<p><strong>Local<\/strong><\/p>\n<\/div>\n\n<div class=\"gridContainer\">\n<p>Todas os atendimentos presenciais ser\u00e3o realizados na sede da ETEC Irm\u00e3 Agostina, na av. Feliciano Correia.<\/p>\n<\/div>\n\n<div class=\"gridContainer\">\n<p><strong>P\u00fablico<\/strong><\/p>\n<\/div>\n\n<div class=\"gridContainer\">\n<p>Candidatos convocados para as vagas do ensino m\u00e9dio devem realizar a matr\u00edcula presencialmente. Candidatos dos cursos t\u00e9cnicos devem realizar a matr\u00edcula preferencialmente no modo remoto.<\/p>\n<\/div>\n\n<div class=\"gridContainer\">\n<p><strong>Documentos<\/strong><\/p>\n<\/div>\n\n<div class=\"gridContainer\">\n<p>A rela\u00e7\u00e3o de documentos \u00e9 diferente para cada situa\u00e7\u00e3o. O candidato deve verificar essa informa\u00e7\u00e3o no manual do candidato no site do vestibulinho.<\/p>\n<\/div>","protected":false},"excerpt":{"rendered":"<p>As matr\u00edculas para os candidatos convocados na primeira chamada do vestibulinho dever\u00e1 ser realizada nos dias 12 e 13 de janeiro. Hor\u00e1rio O atendimento presencial na secretaria da escola ser\u00e1 das 14h \u00e0s 20h. Local Todas os atendimentos presenciais ser\u00e3o realizados na sede da ETEC Irm\u00e3 Agostina, na av. Feliciano Correia. P\u00fablico Candidatos convocados para&nbsp;&hellip;<\/p>\n","protected":false},"author":1,"featured_media":0,"comment_status":"open","ping_status":"open","sticky":false,"template":"","format":"standard","meta":[],"categories":[1],"tags":[],"_links":{"self":[{"href":"https:\/\/etecia.com.br\/index.php?rest_route=\/wp\/v2\/posts\/5183"}],"collection":[{"href":"https:\/\/etecia.com.br\/index.php?rest_route=\/wp\/v2\/posts"}],"about":[{"href":"https:\/\/etecia.com.br\/index.php?rest_route=\/wp\/v2\/types\/post"}],"author":[{"embeddable":true,"href":"https:\/\/etecia.com.br\/index.php?rest_route=\/wp\/v2\/users\/1"}],"replies":[{"embeddable":true,"href":"https:\/\/etecia.com.br\/index.php?rest_route=%2Fwp%2Fv2%2Fcomments&post=5183"}],"version-history":[{"count":1,"href":"https:\/\/etecia.com.br\/index.php?rest_route=\/wp\/v2\/posts\/5183\/revisions"}],"predecessor-version":[{"id":5184,"href":"https:\/\/etecia.com.br\/index.php?rest_route=\/wp\/v2\/posts\/5183\/revisions\/5184"}],"wp:attachment":[{"href":"https:\/\/etecia.com.br\/index.php?rest_route=%2Fwp%2Fv2%2Fmedia&parent=5183"}],"wp:term":[{"taxonomy":"category","embeddable":true,"href":"https:\/\/etecia.com.br\/index.php?rest_route=%2Fwp%2Fv2%2Fcategories&post=5183"},{"taxonomy":"post_tag","embeddable":true,"href":"https:\/\/etecia.com.br\/index.php?rest_route=%2Fwp%2Fv2%2Ftags&post=5183"}],"curies":[{"name":"wp","href":"https:\/\/api.w.org\/{rel}","templated":true}]}}