{"id":5146,"date":"2022-12-01T15:28:31","date_gmt":"2022-12-01T18:28:31","guid":{"rendered":"http:\/\/etecia.com.br\/?p=5146"},"modified":"2022-12-01T15:28:31","modified_gmt":"2022-12-01T18:28:31","slug":"alunos-da-etecia-ganham-medalha-de-ouro-na-olimpiada-brasileira-de-geografia","status":"publish","type":"post","link":"https:\/\/etecia.com.br\/?p=5146","title":{"rendered":"Alunos da ETECIA ganham medalha de ouro na olimp\u00edada brasileira de geografia"},"content":{"rendered":"<div class=\"gridContainer\">\n<p>Entre os dias 25 a 27 de novembro de 2022 os alunos ANNA JULIA ELZA FONSECA DE OLIVEIRA, GUILHERME PONCIANO DE BARROS e MARIANA SAINT CLAIR GRAMMELSBACHER do 3\u00ba ano do Etim de Qu\u00edmica participaram da 3\u00aa Fase da Olimp\u00edada Brasileira de Geografia &#8211; fase presencial em Campinas acompanhados pela professora Silvia, Anna J\u00falia foi medalhista de ouro na categoria Ci\u00eancias da Terra e Guilherme Ponciano foram medalhistas de ouro nas categorias Geografia e Ci\u00eancias da Terra.<\/p>\n<\/div>\n\n<div class=\"gridContainer\">\n<p>Guilherme Ponciano Ouro Geografia e Ouro Ci\u00eancias da Terra<br>Anna J\u00falia Elza Ouro em Ci\u00eancias da Terra<\/p>\n<\/div>\n\n<div class=\"gridContainer\">\n<figure class=\"wp-block-image size-large\"><img loading=\"lazy\" width=\"1024\" height=\"768\" src=\"https:\/\/etecia.com.br\/wp-content\/uploads\/2022\/12\/WhatsApp-Image-2022-11-28-at-22.55.26-1024x768.jpeg\" alt=\"\" class=\"wp-image-5147\" srcset=\"https:\/\/etecia.com.br\/wp-content\/uploads\/2022\/12\/WhatsApp-Image-2022-11-28-at-22.55.26-1024x768.jpeg 1024w, https:\/\/etecia.com.br\/wp-content\/uploads\/2022\/12\/WhatsApp-Image-2022-11-28-at-22.55.26-300x225.jpeg 300w, https:\/\/etecia.com.br\/wp-content\/uploads\/2022\/12\/WhatsApp-Image-2022-11-28-at-22.55.26-768x576.jpeg 768w, https:\/\/etecia.com.br\/wp-content\/uploads\/2022\/12\/WhatsApp-Image-2022-11-28-at-22.55.26-1536x1152.jpeg 1536w, https:\/\/etecia.com.br\/wp-content\/uploads\/2022\/12\/WhatsApp-Image-2022-11-28-at-22.55.26-1232x924.jpeg 1232w, https:\/\/etecia.com.br\/wp-content\/uploads\/2022\/12\/WhatsApp-Image-2022-11-28-at-22.55.26-1440x1080.jpeg 1440w, https:\/\/etecia.com.br\/wp-content\/uploads\/2022\/12\/WhatsApp-Image-2022-11-28-at-22.55.26.jpeg 1600w\" sizes=\"(max-width: 1024px) 100vw, 1024px\" \/><\/figure>\n<\/div>","protected":false},"excerpt":{"rendered":"<p>Entre os dias 25 a 27 de novembro de 2022 os alunos ANNA JULIA ELZA FONSECA DE OLIVEIRA, GUILHERME PONCIANO DE BARROS e MARIANA SAINT CLAIR GRAMMELSBACHER do 3\u00ba ano do Etim de Qu\u00edmica participaram da 3\u00aa Fase da Olimp\u00edada Brasileira de Geografia &#8211; fase presencial em Campinas acompanhados pela professora Silvia, Anna J\u00falia foi&nbsp;&hellip;<\/p>\n","protected":false},"author":1,"featured_media":5147,"comment_status":"open","ping_status":"open","sticky":false,"template":"","format":"standard","meta":[],"categories":[2],"tags":[],"_links":{"self":[{"href":"https:\/\/etecia.com.br\/index.php?rest_route=\/wp\/v2\/posts\/5146"}],"collection":[{"href":"https:\/\/etecia.com.br\/index.php?rest_route=\/wp\/v2\/posts"}],"about":[{"href":"https:\/\/etecia.com.br\/index.php?rest_route=\/wp\/v2\/types\/post"}],"author":[{"embeddable":true,"href":"https:\/\/etecia.com.br\/index.php?rest_route=\/wp\/v2\/users\/1"}],"replies":[{"embeddable":true,"href":"https:\/\/etecia.com.br\/index.php?rest_route=%2Fwp%2Fv2%2Fcomments&post=5146"}],"version-history":[{"count":1,"href":"https:\/\/etecia.com.br\/index.php?rest_route=\/wp\/v2\/posts\/5146\/revisions"}],"predecessor-version":[{"id":5148,"href":"https:\/\/etecia.com.br\/index.php?rest_route=\/wp\/v2\/posts\/5146\/revisions\/5148"}],"wp:featuredmedia":[{"embeddable":true,"href":"https:\/\/etecia.com.br\/index.php?rest_route=\/wp\/v2\/media\/5147"}],"wp:attachment":[{"href":"https:\/\/etecia.com.br\/index.php?rest_route=%2Fwp%2Fv2%2Fmedia&parent=5146"}],"wp:term":[{"taxonomy":"category","embeddable":true,"href":"https:\/\/etecia.com.br\/index.php?rest_route=%2Fwp%2Fv2%2Fcategories&post=5146"},{"taxonomy":"post_tag","embeddable":true,"href":"https:\/\/etecia.com.br\/index.php?rest_route=%2Fwp%2Fv2%2Ftags&post=5146"}],"curies":[{"name":"wp","href":"https:\/\/api.w.org\/{rel}","templated":true}]}}