{"id":5132,"date":"2022-11-11T08:59:27","date_gmt":"2022-11-11T11:59:27","guid":{"rendered":"http:\/\/etecia.com.br\/?p=5132"},"modified":"2022-12-08T10:14:18","modified_gmt":"2022-12-08T13:14:18","slug":"concurso-publico-para-professores-4","status":"publish","type":"post","link":"https:\/\/etecia.com.br\/?p=5132","title":{"rendered":"Concurso P\u00fablico para professores"},"content":{"rendered":"<div class=\"gridContainer\">\n<p>A ETEC Irm\u00e3 Agostina publicou editais para concursos p\u00fablicos para professores do ensino m\u00e9dio e ensino t\u00e9cnico.<\/p>\n<\/div>\n\n<div class=\"gridContainer\">\n<p>As vagas s\u00e3o para contrata\u00e7\u00e3o por tempo indeterminado. Os detalhes sobre inscri\u00e7\u00f5es, prazos, sal\u00e1rio e requisitos, est\u00e3o dispon\u00edveis nos editais.<\/p>\n<\/div>\n\n<div class=\"gridContainer\">\n<p>Voc\u00ea pode localizar os editais e realizar a inscri\u00e7\u00e3o no portal de concursos do Centro Paula Souza: <a href=\"https:\/\/urhsistemas.cps.sp.gov.br\/dgsdad\/selecaopublica\/ETEC\/CPD\/Abertos.aspx\" target=\"_blank\" rel=\"noreferrer noopener\">https:\/\/urhsistemas.cps.sp.gov.br\/dgsdad\/selecaopublica\/ETEC\/CPD\/Abertos.aspx<\/a><\/p>\n<\/div>\n\n<div class=\"gridContainer\">\n<figure class=\"wp-block-table\"><table><tbody><tr><td><strong>N\u00ba<\/strong><\/td><td><strong>DISCIPLINA<\/strong><\/td><td><strong>CURSO<\/strong><\/td><td><strong>LOCAL<\/strong><\/td><\/tr><tr><td>238\/01\/2022<\/td><td>APLICATIVOS INFORMATIZADOS<\/td><td>RECURSOS HUMANOS<\/td><td>EXTENS\u00c3O CEU VILA RUBI \u2013 JORNALISTA ALEXANDRE KADUNC<\/td><\/tr><tr><td>238\/02\/2022<\/td><td>PROMO\u00c7\u00c3O DE VENDAS E MERCHANDISING<\/td><td>MARKETING<\/td><td>EXTENS\u00c3O CEU VILA RUBI \u2013 JORNALISTA ALEXANDRE KADUNC<\/td><\/tr><tr><td>238\/03\/2022<\/td><td>ESTUDO DE ADMINISTRA\u00c7\u00c3O P\u00daBLICA<\/td><td>ADMINISTRA\u00c7\u00c3O<\/td><td>EXTENS\u00c3O CEU VILA RUBI \u2013 JORNALISTA ALEXANDRE KADUNC<\/td><\/tr><tr><td>238\/04\/2022<\/td><td>RECRUTAMENTO E SELE\u00c7\u00c3O PESSOAL<\/td><td>RECURSOS HUMANOS<\/td><td>EXTENS\u00c3O CEU CIDADE DUTRA \u2013 DOUTOR ADIB SALOM\u00c3O<\/td><\/tr><tr><td>238\/05\/2022<\/td><td>ADMINISTRA\u00c7\u00c3O DE RECURSOS HUMANOS<\/td><td>ADMINISTRA\u00c7\u00c3O<\/td><td>EXTENS\u00c3O CEU CIDADE DUTRA \u2013 DOUTOR ADIB SALOM\u00c3O<\/td><\/tr><tr><td>238\/06\/2022<\/td><td>BANCO DE DADOS I<\/td><td>DESENVOLVIMENTO DE SISTEMAS<\/td><td>ETEC IRM\u00c3 AGOSTINA<\/td><\/tr><tr><td>238\/07\/2022<\/td><td>BOAS PR\u00c1TICAS EM UNIDADE PRODUTORA DE REFEI\u00c7\u00c3O<\/td><td>NUTRI\u00c7\u00c3O E DIET\u00c9TICA<\/td><td>ETEC IRM\u00c3 AGOSTINA<\/td><\/tr><tr><td>238\/08\/2022<\/td><td>TECNOLOGIA DOS ALIMENTOS E ROTULAGEM NUTRICIONAL<\/td><td>NUTRI\u00c7\u00c3O E DIET\u00c9TICA<\/td><td>ETEC IRM\u00c3 AGOSTINA<\/td><\/tr><tr><td>238\/09\/2022<\/td><td>HIST\u00d3RIA<\/td><td>ENSINO T\u00c9CNICO INTEGRADO AO M\u00c9DIO<\/td><td>ETEC IRM\u00c3 AGOSTINA<\/td><\/tr><tr><td>238\/10\/2022<\/td><td>EDUCA\u00c7\u00c3O F\u00cdSICA<\/td><td>ENSINO T\u00c9CNICO INTEGRADO AO M\u00c9DIO<\/td><td>ETEC IRM\u00c3 AGOSTINA<\/td><\/tr><\/tbody><\/table><\/figure>\n<\/div>\n\n<div class=\"gridContainer\">\n<h2>Update (29\/11)<\/h2>\n<\/div>\n\n<div class=\"gridContainer\">\n<p><strong>Local das Provas<\/strong><\/p>\n<\/div>\n\n<div class=\"gridContainer\">\n<p>As Provas ser\u00e3o na Etec Irm\u00e3 Agostina, Avenida Feliciano Correia, s\/n &#8211; a 100 metros da Esta\u00e7\u00e3o Aut\u00f3dromo da CPTM!<\/p>\n<\/div>\n\n<div class=\"gridContainer\">\n<p><strong>Datas das Provas<\/strong><\/p>\n<\/div>\n\n<div class=\"gridContainer\">\n<p><strong>04\/12\/2022 &#8211; 09h00 \u00e0 11h30<\/strong><\/p>\n<\/div>\n\n<div class=\"gridContainer\">\n<p><em>VILA RUBI<\/em><\/p>\n<\/div>\n\n<div class=\"gridContainer\">\n<ul><li>Aplicativos Informatizados &#8211; RH<\/li><li>Promo\u00e7\u00e3o de Vendas &#8211; MKT<\/li><li>Estudos da Administra\u00e7\u00e3o P\u00fablica &#8211; ADM<\/li><\/ul>\n<\/div>\n\n<div class=\"gridContainer\">\n<p><em>SEDE<\/em><\/p>\n<\/div>\n\n<div class=\"gridContainer\">\n<ul><li>Boas Pr\u00e1ticas para Unidades Produtoras de Refei\u00e7\u00e3o &#8211; NUTRI<\/li><\/ul>\n<\/div>\n\n<div class=\"gridContainer\">\n<p><\/p>\n<\/div>\n\n<div class=\"gridContainer\">\n<p><strong>07\/12\/2022 &#8211; 18h00 \u00e0 20h30<\/strong><\/p>\n<\/div>\n\n<div class=\"gridContainer\">\n<p><em>CIDADE DUTRA<\/em><\/p>\n<\/div>\n\n<div class=\"gridContainer\">\n<ul><li>Administra\u00e7\u00e3o de Recursos Humanos &#8211; ADM<\/li><\/ul>\n<\/div>\n\n<div class=\"gridContainer\">\n<p><\/p>\n<\/div>\n\n<div class=\"gridContainer\">\n<p><strong>11\/12\/2022 &#8211; 09h00 \u00e0 11h30<\/strong><\/p>\n<\/div>\n\n<div class=\"gridContainer\">\n<p><em>CIDADE DUTRA<\/em><\/p>\n<\/div>\n\n<div class=\"gridContainer\">\n<ul><li>Recrutamento e Sele\u00e7\u00e3o de Pessoal -RH<\/li><\/ul>\n<\/div>\n\n<div class=\"gridContainer\">\n<p><em>SEDE<\/em><\/p>\n<\/div>\n\n<div class=\"gridContainer\">\n<ul><li>Banco de Dados I &#8211; DS<\/li><li>Tecnologia de Alimentos e Rotulagem Nutricional &#8211; Nutri Novotec PI<\/li><li>Hist\u00f3ria &#8211; BNCC<\/li><li>Educa\u00e7\u00e3o F\u00edsica &#8211; BNCC<\/li><\/ul>\n<\/div>","protected":false},"excerpt":{"rendered":"<p>A ETEC Irm\u00e3 Agostina publicou editais para concursos p\u00fablicos para professores do ensino m\u00e9dio e ensino t\u00e9cnico. As vagas s\u00e3o para contrata\u00e7\u00e3o por tempo indeterminado. Os detalhes sobre inscri\u00e7\u00f5es, prazos, sal\u00e1rio e requisitos, est\u00e3o dispon\u00edveis nos editais. Voc\u00ea pode localizar os editais e realizar a inscri\u00e7\u00e3o no portal de concursos do Centro Paula Souza: https:\/\/urhsistemas.cps.sp.gov.br\/dgsdad\/selecaopublica\/ETEC\/CPD\/Abertos.aspx&nbsp;&hellip;<\/p>\n","protected":false},"author":4,"featured_media":5134,"comment_status":"open","ping_status":"open","sticky":false,"template":"","format":"standard","meta":[],"categories":[8,2],"tags":[],"_links":{"self":[{"href":"https:\/\/etecia.com.br\/index.php?rest_route=\/wp\/v2\/posts\/5132"}],"collection":[{"href":"https:\/\/etecia.com.br\/index.php?rest_route=\/wp\/v2\/posts"}],"about":[{"href":"https:\/\/etecia.com.br\/index.php?rest_route=\/wp\/v2\/types\/post"}],"author":[{"embeddable":true,"href":"https:\/\/etecia.com.br\/index.php?rest_route=\/wp\/v2\/users\/4"}],"replies":[{"embeddable":true,"href":"https:\/\/etecia.com.br\/index.php?rest_route=%2Fwp%2Fv2%2Fcomments&post=5132"}],"version-history":[{"count":4,"href":"https:\/\/etecia.com.br\/index.php?rest_route=\/wp\/v2\/posts\/5132\/revisions"}],"predecessor-version":[{"id":5157,"href":"https:\/\/etecia.com.br\/index.php?rest_route=\/wp\/v2\/posts\/5132\/revisions\/5157"}],"wp:featuredmedia":[{"embeddable":true,"href":"https:\/\/etecia.com.br\/index.php?rest_route=\/wp\/v2\/media\/5134"}],"wp:attachment":[{"href":"https:\/\/etecia.com.br\/index.php?rest_route=%2Fwp%2Fv2%2Fmedia&parent=5132"}],"wp:term":[{"taxonomy":"category","embeddable":true,"href":"https:\/\/etecia.com.br\/index.php?rest_route=%2Fwp%2Fv2%2Fcategories&post=5132"},{"taxonomy":"post_tag","embeddable":true,"href":"https:\/\/etecia.com.br\/index.php?rest_route=%2Fwp%2Fv2%2Ftags&post=5132"}],"curies":[{"name":"wp","href":"https:\/\/api.w.org\/{rel}","templated":true}]}}