{"id":480,"date":"2013-02-18T14:11:06","date_gmt":"2013-02-18T17:11:06","guid":{"rendered":"http:\/\/etecia.com.br\/portaletecia\/?p=480"},"modified":"2013-02-18T14:11:06","modified_gmt":"2013-02-18T17:11:06","slug":"concurso-para-docentes-3242013","status":"publish","type":"post","link":"https:\/\/etecia.com.br\/?p=480","title":{"rendered":"Concurso para Docentes 324\/2013"},"content":{"rendered":"<p>A ETEC Irm\u00e3 Agostina abre inscri\u00e7\u00e3o para concurso p\u00fablico para docentes das seguintes disciplinas:<\/p>\n<p>1. Educa\u00e7\u00e3o F\u00edsica (Base Nacional Comum \u2013 Ensino M\u00e9dio)<\/p>\n<p>2. Gest\u00e3o de Marketing I (Administra\u00e7\u00e3o)<\/p>\n<p>3. Gest\u00e3o de Dietas Modificadas e Especiais (Nutri\u00e7\u00e3o e Diet\u00e9tica)<\/p>\n<p>4. Administra\u00e7\u00e3o Jur\u00eddica (Administra\u00e7\u00e3o Integrado ao Ensino M\u00e9dio; Administra\u00e7\u00e3o)<\/p>\n<p>O per\u00edodo de inscri\u00e7\u00f5es \u00e9 de 18\/02\/2013 \u00e0 22\/02\/2013 das 14:00 \u00e0s 20:00 na pr\u00f3pria institui\u00e7\u00e3o.<\/p>\n<p>Para maiores informa\u00e7\u00f5es, inclusive documenta\u00e7\u00e3o necess\u00e1ria e requisitos, leia o edital do concurso clicando no link a seguir:\u00a0<a href=\"http:\/\/etecia.com.br\/portaletecia\/wp-content\/uploads\/2013\/02\/edital_concurso_238-01-2013.pdf\">edital_concurso_238-01-2013<\/a>.<\/p>\n<p>Para ver as datas das provas e temas das aulas, clique <a href=\"http:\/\/etecia.com.br013\/03\/convocacao-para-prova-didatica-do-concurso-324-13\/\" class=\"broken_link\">aqui<\/a>.<\/p>\n","protected":false},"excerpt":{"rendered":"<p>A ETEC Irm\u00e3 Agostina abre inscri\u00e7\u00e3o para concurso p\u00fablico para docentes das seguintes disciplinas: 1. Educa\u00e7\u00e3o F\u00edsica (Base Nacional Comum \u2013 Ensino M\u00e9dio) 2. Gest\u00e3o de Marketing I (Administra\u00e7\u00e3o) 3. Gest\u00e3o de Dietas Modificadas e Especiais (Nutri\u00e7\u00e3o e Diet\u00e9tica) 4. Administra\u00e7\u00e3o Jur\u00eddica (Administra\u00e7\u00e3o Integrado ao Ensino M\u00e9dio; Administra\u00e7\u00e3o) O per\u00edodo de inscri\u00e7\u00f5es \u00e9 de 18\/02\/2013&nbsp;&hellip;<\/p>\n","protected":false},"author":1,"featured_media":0,"comment_status":"open","ping_status":"open","sticky":false,"template":"","format":"standard","meta":[],"categories":[8],"tags":[],"_links":{"self":[{"href":"https:\/\/etecia.com.br\/index.php?rest_route=\/wp\/v2\/posts\/480"}],"collection":[{"href":"https:\/\/etecia.com.br\/index.php?rest_route=\/wp\/v2\/posts"}],"about":[{"href":"https:\/\/etecia.com.br\/index.php?rest_route=\/wp\/v2\/types\/post"}],"author":[{"embeddable":true,"href":"https:\/\/etecia.com.br\/index.php?rest_route=\/wp\/v2\/users\/1"}],"replies":[{"embeddable":true,"href":"https:\/\/etecia.com.br\/index.php?rest_route=%2Fwp%2Fv2%2Fcomments&post=480"}],"version-history":[{"count":0,"href":"https:\/\/etecia.com.br\/index.php?rest_route=\/wp\/v2\/posts\/480\/revisions"}],"wp:attachment":[{"href":"https:\/\/etecia.com.br\/index.php?rest_route=%2Fwp%2Fv2%2Fmedia&parent=480"}],"wp:term":[{"taxonomy":"category","embeddable":true,"href":"https:\/\/etecia.com.br\/index.php?rest_route=%2Fwp%2Fv2%2Fcategories&post=480"},{"taxonomy":"post_tag","embeddable":true,"href":"https:\/\/etecia.com.br\/index.php?rest_route=%2Fwp%2Fv2%2Ftags&post=480"}],"curies":[{"name":"wp","href":"https:\/\/api.w.org\/{rel}","templated":true}]}}