{"id":468,"date":"2013-02-05T09:20:55","date_gmt":"2013-02-05T12:20:55","guid":{"rendered":"http:\/\/etecia.com.br\/portaletecia\/?p=468"},"modified":"2013-02-05T09:20:55","modified_gmt":"2013-02-05T12:20:55","slug":"colacao-de-grau-formandos-2012","status":"publish","type":"post","link":"https:\/\/etecia.com.br\/?p=468","title":{"rendered":"Cola\u00e7\u00e3o de Grau &#8211; Formandos 2012"},"content":{"rendered":"<p>Est\u00e1 se aproximando o dia da cola\u00e7\u00e3o de grau dos alunos que concluiram o curso em 2012. A cerim\u00f4nia ser\u00e1 na sexta-feira, 15 de fevereiro \u00e0s 20h00 na escola.<\/p>\n<p>Os alunos devem retirar os convites nos dias 13 e 14 de fevereiro na secretaria da escola nos seguintes hor\u00e1rio:<\/p>\n<p>9h00 &#8211; 12h00<\/p>\n<p>13h00 &#8211; 16h00<\/p>\n<p>17h30 &#8211; 21h00<\/p>\n","protected":false},"excerpt":{"rendered":"<p>Est\u00e1 se aproximando o dia da cola\u00e7\u00e3o de grau dos alunos que concluiram o curso em 2012. A cerim\u00f4nia ser\u00e1 na sexta-feira, 15 de fevereiro \u00e0s 20h00 na escola. Os alunos devem retirar os convites nos dias 13 e 14 de fevereiro na secretaria da escola nos seguintes hor\u00e1rio: 9h00 &#8211; 12h00 13h00 &#8211; 16h00&nbsp;&hellip;<\/p>\n","protected":false},"author":1,"featured_media":0,"comment_status":"closed","ping_status":"open","sticky":false,"template":"","format":"standard","meta":[],"categories":[2],"tags":[],"_links":{"self":[{"href":"https:\/\/etecia.com.br\/index.php?rest_route=\/wp\/v2\/posts\/468"}],"collection":[{"href":"https:\/\/etecia.com.br\/index.php?rest_route=\/wp\/v2\/posts"}],"about":[{"href":"https:\/\/etecia.com.br\/index.php?rest_route=\/wp\/v2\/types\/post"}],"author":[{"embeddable":true,"href":"https:\/\/etecia.com.br\/index.php?rest_route=\/wp\/v2\/users\/1"}],"replies":[{"embeddable":true,"href":"https:\/\/etecia.com.br\/index.php?rest_route=%2Fwp%2Fv2%2Fcomments&post=468"}],"version-history":[{"count":0,"href":"https:\/\/etecia.com.br\/index.php?rest_route=\/wp\/v2\/posts\/468\/revisions"}],"wp:attachment":[{"href":"https:\/\/etecia.com.br\/index.php?rest_route=%2Fwp%2Fv2%2Fmedia&parent=468"}],"wp:term":[{"taxonomy":"category","embeddable":true,"href":"https:\/\/etecia.com.br\/index.php?rest_route=%2Fwp%2Fv2%2Fcategories&post=468"},{"taxonomy":"post_tag","embeddable":true,"href":"https:\/\/etecia.com.br\/index.php?rest_route=%2Fwp%2Fv2%2Ftags&post=468"}],"curies":[{"name":"wp","href":"https:\/\/api.w.org\/{rel}","templated":true}]}}