{"id":464,"date":"2012-12-03T14:03:53","date_gmt":"2012-12-03T17:03:53","guid":{"rendered":"http:\/\/etecia.com.br\/portaletecia\/?p=464"},"modified":"2012-12-03T14:03:53","modified_gmt":"2012-12-03T17:03:53","slug":"convocacao-para-conselho-escolar","status":"publish","type":"post","link":"https:\/\/etecia.com.br\/?p=464","title":{"rendered":"Convoca\u00e7\u00e3o para conselho escolar"},"content":{"rendered":"<p>A Dire\u00e7\u00e3o da\u00a0 Etec Irm\u00e3 Agostina, no uso de suas atribui\u00e7\u00f5es legais, <strong>CONVOCA<\/strong> todos os segmentos da Comunidade Escolar e\u00a0 Extraescolar \u00a0(professores, funcion\u00e1rios, pais ou respons\u00e1veis, alunos, comerciante e moradores ) da Unidade, para a Elei\u00e7\u00e3o do <strong>Conselho Escolar\u00a0 anual 2013<\/strong>, que se realizar\u00e1 no dia <strong>04\u00a0 de dezembro\u00a0 de 2012<\/strong>, ter\u00e7a-feira, no hor\u00e1rio das19h\u00a0 primeira chamada\u00a0 e \u00e0s 19h30 a segunda chamada , na sala de Gest\u00e3o.<\/p>\n<p>Poder\u00e3o se inscrever para participar\u00a0 pela comunidade escolar:<\/p>\n<p>&#8211; Os alunos regularmente matriculados na Escola;<\/p>\n<p>&#8211; Os pais ou respons\u00e1veis, perante a Escola, dos alunos;<\/p>\n<p>&#8211; Os membros do magist\u00e9rio e os demais servidores p\u00fablicos em efetivo<\/p>\n<p>exerc\u00edcio na Escola;<\/p>\n<p>&#8211; Coordenadores de \u00e1rea.<\/p>\n<p>&nbsp;<\/p>\n<p>Poder\u00e3o se inscrever para participar\u00a0 pela comunidade\u00a0 extraescolar:<\/p>\n<p>&nbsp;<\/p>\n<p>&#8211; representantes de \u00f3rg\u00e3o de classe;<\/p>\n<p>&#8211; representantes dos empres\u00e1rios;<\/p>\n<p>&#8211; aluno egresso atuante em sua \u00e1rea de forma\u00e7\u00e3o t\u00e9cnica;<\/p>\n<p>&#8211; representante do poder p\u00fablico municipal;<\/p>\n<p>&#8211; representante de organiza\u00e7\u00f5es n\u00e3o governamentais;<\/p>\n<p>&#8211; representantes de entidades assistenciais;<\/p>\n<p>&#8211; representantes\u00a0 de demais segmentos de interesse da escola.<\/p>\n<p>A apura\u00e7\u00e3o dos votos ser\u00e1 realizada imediatamente ap\u00f3s o encerramento da vota\u00e7\u00e3o, no mesmo local onde se realizou a elei\u00e7\u00e3o.<\/p>\n<p>Ser\u00e3o considerados eleitos os candidatos com maior n\u00famero de votos at\u00e9 o preenchimento das vagas. .<\/p>\n<p>Qualquer esclarecimento poder\u00e1 ser obtido atrav\u00e9s de requerimento dirigido \u00e0 Dire\u00e7\u00e3o Escolar.<\/p>\n","protected":false},"excerpt":{"rendered":"<p>A Dire\u00e7\u00e3o da\u00a0 Etec Irm\u00e3 Agostina, no uso de suas atribui\u00e7\u00f5es legais, CONVOCA todos os segmentos da Comunidade Escolar e\u00a0 Extraescolar \u00a0(professores, funcion\u00e1rios, pais ou respons\u00e1veis, alunos, comerciante e moradores ) da Unidade, para a Elei\u00e7\u00e3o do Conselho Escolar\u00a0 anual 2013, que se realizar\u00e1 no dia 04\u00a0 de dezembro\u00a0 de 2012, ter\u00e7a-feira, no hor\u00e1rio das19h\u00a0&nbsp;&hellip;<\/p>\n","protected":false},"author":1,"featured_media":0,"comment_status":"closed","ping_status":"open","sticky":false,"template":"","format":"standard","meta":[],"categories":[2],"tags":[],"_links":{"self":[{"href":"https:\/\/etecia.com.br\/index.php?rest_route=\/wp\/v2\/posts\/464"}],"collection":[{"href":"https:\/\/etecia.com.br\/index.php?rest_route=\/wp\/v2\/posts"}],"about":[{"href":"https:\/\/etecia.com.br\/index.php?rest_route=\/wp\/v2\/types\/post"}],"author":[{"embeddable":true,"href":"https:\/\/etecia.com.br\/index.php?rest_route=\/wp\/v2\/users\/1"}],"replies":[{"embeddable":true,"href":"https:\/\/etecia.com.br\/index.php?rest_route=%2Fwp%2Fv2%2Fcomments&post=464"}],"version-history":[{"count":0,"href":"https:\/\/etecia.com.br\/index.php?rest_route=\/wp\/v2\/posts\/464\/revisions"}],"wp:attachment":[{"href":"https:\/\/etecia.com.br\/index.php?rest_route=%2Fwp%2Fv2%2Fmedia&parent=464"}],"wp:term":[{"taxonomy":"category","embeddable":true,"href":"https:\/\/etecia.com.br\/index.php?rest_route=%2Fwp%2Fv2%2Fcategories&post=464"},{"taxonomy":"post_tag","embeddable":true,"href":"https:\/\/etecia.com.br\/index.php?rest_route=%2Fwp%2Fv2%2Ftags&post=464"}],"curies":[{"name":"wp","href":"https:\/\/api.w.org\/{rel}","templated":true}]}}