{"id":4504,"date":"2021-05-06T16:10:40","date_gmt":"2021-05-06T19:10:40","guid":{"rendered":"http:\/\/etecirmaagostina.com.br\/?p=4504"},"modified":"2021-05-06T16:10:40","modified_gmt":"2021-05-06T19:10:40","slug":"estamos-na-final-do-premio-jovem-da-agua-de-estocolmo-2021","status":"publish","type":"post","link":"https:\/\/etecia.com.br\/?p=4504","title":{"rendered":"ESTAMOS NA FINAL DO PR\u00caMIO JOVEM DA \u00c1GUA DE ESTOCOLMO 2021"},"content":{"rendered":"<div class=\"gridContainer\">\n<p>O projeto de TCC do Curso T\u00e9cnico Modular em Qu\u00edmica &#8220;<em>Desenvolvimento de comp\u00f3sito de quitosana reticulada e fibra da casca da banana ma\u00e7\u00e3 para remo\u00e7\u00e3o de Lauril \u00c9ter Sulfato de S\u00f3dio em meio aquoso<\/em>&#8221; das alunas Sibelle Cristine Alves e Yasmim Correa de Ara\u00fajo sob orienta\u00e7\u00e3o do Prof. Klauss Engelmann e coorienta\u00e7\u00e3o da Prof.a Tha\u00eds Taciano foi aprovado para a <strong>Final do Pr\u00eamio Jovem da \u00c1gua de Estocolmo 2021<\/strong>. <\/p>\n<\/div>\n\n<div class=\"gridContainer\">\n<p>Agora \u00e9 torcer pelo Tricampeonato da ETECia!!! <\/p>\n<\/div>\n\n<div class=\"gridContainer\">\n<p>Parab\u00e9ns e boa sorte ao grupo que tamb\u00e9m foi aprovado para a <strong>Final da Feira Brasileira do Jovem Cientista de 2021<\/strong>. Nesse evento, o grupo contar\u00e1 ganha o refor\u00e7o da Julia Resende Natividade.<\/p>\n<\/div>\n\n<div class=\"gridContainer\">\n<figure class=\"wp-block-image size-large\"><img loading=\"lazy\" width=\"1024\" height=\"1024\" src=\"http:\/\/etecia.com.br\/wp-content\/uploads\/2021\/05\/WhatsApp-Image-2021-05-06-at-15.31.34-1024x1024.jpeg\" alt=\"\" class=\"wp-image-4506\" srcset=\"https:\/\/etecia.com.br\/wp-content\/uploads\/2021\/05\/WhatsApp-Image-2021-05-06-at-15.31.34-1024x1024.jpeg 1024w, https:\/\/etecia.com.br\/wp-content\/uploads\/2021\/05\/WhatsApp-Image-2021-05-06-at-15.31.34-300x300.jpeg 300w, https:\/\/etecia.com.br\/wp-content\/uploads\/2021\/05\/WhatsApp-Image-2021-05-06-at-15.31.34-150x150.jpeg 150w, https:\/\/etecia.com.br\/wp-content\/uploads\/2021\/05\/WhatsApp-Image-2021-05-06-at-15.31.34-768x768.jpeg 768w, https:\/\/etecia.com.br\/wp-content\/uploads\/2021\/05\/WhatsApp-Image-2021-05-06-at-15.31.34.jpeg 1080w\" sizes=\"(max-width: 1024px) 100vw, 1024px\" \/><\/figure>\n<\/div>","protected":false},"excerpt":{"rendered":"<p>O projeto de TCC do Curso T\u00e9cnico Modular em Qu\u00edmica &#8220;Desenvolvimento de comp\u00f3sito de quitosana reticulada e fibra da casca da banana ma\u00e7\u00e3 para remo\u00e7\u00e3o de Lauril \u00c9ter Sulfato de S\u00f3dio em meio aquoso&#8221; das alunas Sibelle Cristine Alves e Yasmim Correa de Ara\u00fajo sob orienta\u00e7\u00e3o do Prof. Klauss Engelmann e coorienta\u00e7\u00e3o da Prof.a Tha\u00eds&nbsp;&hellip;<\/p>\n","protected":false},"author":6,"featured_media":4505,"comment_status":"open","ping_status":"open","sticky":false,"template":"","format":"standard","meta":[],"categories":[2,14],"tags":[],"_links":{"self":[{"href":"https:\/\/etecia.com.br\/index.php?rest_route=\/wp\/v2\/posts\/4504"}],"collection":[{"href":"https:\/\/etecia.com.br\/index.php?rest_route=\/wp\/v2\/posts"}],"about":[{"href":"https:\/\/etecia.com.br\/index.php?rest_route=\/wp\/v2\/types\/post"}],"author":[{"embeddable":true,"href":"https:\/\/etecia.com.br\/index.php?rest_route=\/wp\/v2\/users\/6"}],"replies":[{"embeddable":true,"href":"https:\/\/etecia.com.br\/index.php?rest_route=%2Fwp%2Fv2%2Fcomments&post=4504"}],"version-history":[{"count":2,"href":"https:\/\/etecia.com.br\/index.php?rest_route=\/wp\/v2\/posts\/4504\/revisions"}],"predecessor-version":[{"id":4508,"href":"https:\/\/etecia.com.br\/index.php?rest_route=\/wp\/v2\/posts\/4504\/revisions\/4508"}],"wp:featuredmedia":[{"embeddable":true,"href":"https:\/\/etecia.com.br\/index.php?rest_route=\/wp\/v2\/media\/4505"}],"wp:attachment":[{"href":"https:\/\/etecia.com.br\/index.php?rest_route=%2Fwp%2Fv2%2Fmedia&parent=4504"}],"wp:term":[{"taxonomy":"category","embeddable":true,"href":"https:\/\/etecia.com.br\/index.php?rest_route=%2Fwp%2Fv2%2Fcategories&post=4504"},{"taxonomy":"post_tag","embeddable":true,"href":"https:\/\/etecia.com.br\/index.php?rest_route=%2Fwp%2Fv2%2Ftags&post=4504"}],"curies":[{"name":"wp","href":"https:\/\/api.w.org\/{rel}","templated":true}]}}