{"id":4492,"date":"2021-05-06T13:44:35","date_gmt":"2021-05-06T16:44:35","guid":{"rendered":"http:\/\/etecirmaagostina.com.br\/?p=4492"},"modified":"2021-05-06T15:58:23","modified_gmt":"2021-05-06T18:58:23","slug":"minha-vida-em-numeros","status":"publish","type":"post","link":"https:\/\/etecia.com.br\/?p=4492","title":{"rendered":"Minha Vida em N\u00fameros"},"content":{"rendered":"<div class=\"gridContainer\">\n<p>\u201cMinha vida em n\u00fameros\u201d este foi o tema da atividade realizada pela professora Edilma Pedrosa para os alunos do primeiro ano do ensino m\u00e9dio, em comemora\u00e7\u00e3o ao Dia da Matem\u00e1tica (06\/mai).<\/p>\n<\/div>\n\n<div class=\"gridContainer\">\n<p>A professora prop\u00f4s que os estudantes criassem um v\u00eddeo de 1 minuto falando sobre eles, utilizando os n\u00fameros para isso, vale ressaltar que tema de estudo do bimestre trata dos Conjuntos Num\u00e9ricos. <\/p>\n<\/div>\n\n<div class=\"gridContainer\">\n<p>Os estudantes poderiam utilizar o <em>Tik Tok<\/em> ou outras plataformas de v\u00eddeo. A criatividade, senso de humor, espontaneidade seria o caminho para desenvolvimento da atividade.<\/p>\n<\/div>\n\n<div class=\"gridContainer\">\n<p>Dentre os objetivos, driblar o distanciamento social, que estamos acometidos e promover uma integra\u00e7\u00e3o virtual, din\u00e2mica e descontra\u00edda.<\/p>\n<\/div>\n\n<div class=\"gridContainer\">\n<p>O aluno Juan, do curso Etim de Administra\u00e7\u00e3o, emocionou com seu entusiasmo, sem d\u00favidas uma inspira\u00e7\u00e3o para n\u00f3s da Etecia. Confira o v\u00eddeo<\/p>\n<\/div>\n\n\n<figure class=\"wp-block-embed-youtube wp-block-embed is-type-video is-provider-youtube wp-embed-aspect-16-9 wp-has-aspect-ratio\"><div class=\"wp-block-embed__wrapper\">\n<div class='embed-container'><iframe title=\"Dia da matem\u00e1tica | Juan Pablo\" width=\"1778\" height=\"1000\" src=\"https:\/\/www.youtube.com\/embed\/yrQsrlHDgw4?feature=oembed\" frameborder=\"0\" allow=\"accelerometer; autoplay; clipboard-write; encrypted-media; gyroscope; picture-in-picture\" allowfullscreen><\/iframe><\/div>\n<\/div><\/figure>\n\n\n<div class=\"gridContainer\">\n<p>Parab\u00e9ns \u00e0 prof\u00aa Edilma e aos estudantes<\/p>\n<\/div>","protected":false},"excerpt":{"rendered":"<p>\u201cMinha vida em n\u00fameros\u201d este foi o tema da atividade realizada pela professora Edilma Pedrosa para os alunos do primeiro ano do ensino m\u00e9dio, em comemora\u00e7\u00e3o ao Dia da Matem\u00e1tica (06\/mai). A professora prop\u00f4s que os estudantes criassem um v\u00eddeo de 1 minuto falando sobre eles, utilizando os n\u00fameros para isso, vale ressaltar que tema&nbsp;&hellip;<\/p>\n","protected":false},"author":6,"featured_media":4493,"comment_status":"open","ping_status":"open","sticky":false,"template":"","format":"standard","meta":[],"categories":[2,7],"tags":[],"_links":{"self":[{"href":"https:\/\/etecia.com.br\/index.php?rest_route=\/wp\/v2\/posts\/4492"}],"collection":[{"href":"https:\/\/etecia.com.br\/index.php?rest_route=\/wp\/v2\/posts"}],"about":[{"href":"https:\/\/etecia.com.br\/index.php?rest_route=\/wp\/v2\/types\/post"}],"author":[{"embeddable":true,"href":"https:\/\/etecia.com.br\/index.php?rest_route=\/wp\/v2\/users\/6"}],"replies":[{"embeddable":true,"href":"https:\/\/etecia.com.br\/index.php?rest_route=%2Fwp%2Fv2%2Fcomments&post=4492"}],"version-history":[{"count":4,"href":"https:\/\/etecia.com.br\/index.php?rest_route=\/wp\/v2\/posts\/4492\/revisions"}],"predecessor-version":[{"id":4499,"href":"https:\/\/etecia.com.br\/index.php?rest_route=\/wp\/v2\/posts\/4492\/revisions\/4499"}],"wp:featuredmedia":[{"embeddable":true,"href":"https:\/\/etecia.com.br\/index.php?rest_route=\/wp\/v2\/media\/4493"}],"wp:attachment":[{"href":"https:\/\/etecia.com.br\/index.php?rest_route=%2Fwp%2Fv2%2Fmedia&parent=4492"}],"wp:term":[{"taxonomy":"category","embeddable":true,"href":"https:\/\/etecia.com.br\/index.php?rest_route=%2Fwp%2Fv2%2Fcategories&post=4492"},{"taxonomy":"post_tag","embeddable":true,"href":"https:\/\/etecia.com.br\/index.php?rest_route=%2Fwp%2Fv2%2Ftags&post=4492"}],"curies":[{"name":"wp","href":"https:\/\/api.w.org\/{rel}","templated":true}]}}