{"id":449,"date":"2012-10-30T16:56:46","date_gmt":"2012-10-30T19:56:46","guid":{"rendered":"http:\/\/etecia.com.br\/portaletecia\/?p=449"},"modified":"2012-10-30T16:56:46","modified_gmt":"2012-10-30T19:56:46","slug":"periodo-de-inscricoes-prorrogado","status":"publish","type":"post","link":"https:\/\/etecia.com.br\/?p=449","title":{"rendered":"Per\u00edodo de inscri\u00e7\u00f5es prorrogado"},"content":{"rendered":"<p>O per\u00edodo de inscri\u00e7\u00f5es foi prorrogado at\u00e9 as 15h00 do dia 05 de novembro. Corra que ainda d\u00e1 tempo de fazer a sus inscri\u00e7\u00e3o e estudar em uma ETEC no pr\u00f3ximo ano.<\/p>\n<p>Fa\u00e7a a inscri\u00e7\u00e3o em <a title=\"vestibulinhoetec.com.br\" href=\"http:\/\/vestibulinhoetec.com.br\" target=\"_blank\" class=\"broken_link\">vestibulinhoetec.com.br<\/a><\/p>\n","protected":false},"excerpt":{"rendered":"<p>O per\u00edodo de inscri\u00e7\u00f5es foi prorrogado at\u00e9 as 15h00 do dia 05 de novembro. Corra que ainda d\u00e1 tempo de fazer a sus inscri\u00e7\u00e3o e estudar em uma ETEC no pr\u00f3ximo ano. Fa\u00e7a a inscri\u00e7\u00e3o em vestibulinhoetec.com.br<\/p>\n","protected":false},"author":1,"featured_media":0,"comment_status":"closed","ping_status":"open","sticky":false,"template":"","format":"standard","meta":[],"categories":[2],"tags":[],"_links":{"self":[{"href":"https:\/\/etecia.com.br\/index.php?rest_route=\/wp\/v2\/posts\/449"}],"collection":[{"href":"https:\/\/etecia.com.br\/index.php?rest_route=\/wp\/v2\/posts"}],"about":[{"href":"https:\/\/etecia.com.br\/index.php?rest_route=\/wp\/v2\/types\/post"}],"author":[{"embeddable":true,"href":"https:\/\/etecia.com.br\/index.php?rest_route=\/wp\/v2\/users\/1"}],"replies":[{"embeddable":true,"href":"https:\/\/etecia.com.br\/index.php?rest_route=%2Fwp%2Fv2%2Fcomments&post=449"}],"version-history":[{"count":0,"href":"https:\/\/etecia.com.br\/index.php?rest_route=\/wp\/v2\/posts\/449\/revisions"}],"wp:attachment":[{"href":"https:\/\/etecia.com.br\/index.php?rest_route=%2Fwp%2Fv2%2Fmedia&parent=449"}],"wp:term":[{"taxonomy":"category","embeddable":true,"href":"https:\/\/etecia.com.br\/index.php?rest_route=%2Fwp%2Fv2%2Fcategories&post=449"},{"taxonomy":"post_tag","embeddable":true,"href":"https:\/\/etecia.com.br\/index.php?rest_route=%2Fwp%2Fv2%2Ftags&post=449"}],"curies":[{"name":"wp","href":"https:\/\/api.w.org\/{rel}","templated":true}]}}