{"id":4480,"date":"2021-06-02T17:07:00","date_gmt":"2021-06-02T20:07:00","guid":{"rendered":"http:\/\/etecirmaagostina.com.br\/?p=4480"},"modified":"2021-06-02T19:42:12","modified_gmt":"2021-06-02T22:42:12","slug":"4480-2","status":"publish","type":"post","link":"https:\/\/etecia.com.br\/?p=4480","title":{"rendered":"Vestibulinho &#8211; 2\u00ba semestre 2021"},"content":{"rendered":"<div class=\"gridContainer\">\n<p>Se voc\u00ea pretende realizar um curso t\u00e9cnico ainda em 2021, n\u00e3o perca essa chance e inscreva-se para o Vestibulinho do 2\u00ba semestre de 2021!<\/p>\n<\/div>\n\n<div class=\"gridContainer\">\n<p>H\u00e1 oferta de vagas para os cursos de <strong>Administra\u00e7\u00e3o, Desenvolvimento e An\u00e1lise de Sistemas, Marketing, Nutri\u00e7\u00e3o e Diet\u00e9tica, Recursos Humanos e Qu\u00edmica<\/strong>. <\/p>\n<\/div>\n\n<div class=\"gridContainer\">\n<p>O prazo para as inscri\u00e7\u00f5es foi prorrogado!!!!<\/p>\n<\/div>\n\n<div class=\"gridContainer\">\n<figure class=\"wp-block-image size-large\"><img loading=\"lazy\" width=\"1024\" height=\"1024\" src=\"http:\/\/etecia.com.br\/wp-content\/uploads\/2021\/06\/vest-1024x1024.jpg\" alt=\"\" class=\"wp-image-4596\" srcset=\"https:\/\/etecia.com.br\/wp-content\/uploads\/2021\/06\/vest-1024x1024.jpg 1024w, https:\/\/etecia.com.br\/wp-content\/uploads\/2021\/06\/vest-300x300.jpg 300w, https:\/\/etecia.com.br\/wp-content\/uploads\/2021\/06\/vest-150x150.jpg 150w, https:\/\/etecia.com.br\/wp-content\/uploads\/2021\/06\/vest-768x768.jpg 768w, https:\/\/etecia.com.br\/wp-content\/uploads\/2021\/06\/vest-1232x1232.jpg 1232w, https:\/\/etecia.com.br\/wp-content\/uploads\/2021\/06\/vest-1080x1080.jpg 1080w, https:\/\/etecia.com.br\/wp-content\/uploads\/2021\/06\/vest.jpg 1280w\" sizes=\"(max-width: 1024px) 100vw, 1024px\" \/><\/figure>\n<\/div>\n\n<div class=\"gridContainer\">\n<p>As inscri\u00e7\u00f5es podem ser feitas em <a href=\"https:\/\/www.vestibulinhoetec.com.br\/home\/\" class=\"broken_link\">www.vestibulinhoetec.com.br<\/a> &#8211; a partir do dia 07\/05\/2021 at\u00e9 as <span class=\"has-inline-color has-vivid-red-color\"><strong><em>15h00 do dia 08\/06\/2021<\/em><\/strong><\/span>. <\/p>\n<\/div>","protected":false},"excerpt":{"rendered":"<p>Se voc\u00ea pretende realizar um curso t\u00e9cnico ainda em 2021, n\u00e3o perca essa chance e inscreva-se para o Vestibulinho do 2\u00ba semestre de 2021! H\u00e1 oferta de vagas para os cursos de Administra\u00e7\u00e3o, Desenvolvimento e An\u00e1lise de Sistemas, Marketing, Nutri\u00e7\u00e3o e Diet\u00e9tica, Recursos Humanos e Qu\u00edmica. O prazo para as inscri\u00e7\u00f5es foi prorrogado!!!! As inscri\u00e7\u00f5es&nbsp;&hellip;<\/p>\n","protected":false},"author":6,"featured_media":4596,"comment_status":"open","ping_status":"open","sticky":false,"template":"","format":"standard","meta":[],"categories":[11,17,23,2,15,14,24,1,27],"tags":[],"_links":{"self":[{"href":"https:\/\/etecia.com.br\/index.php?rest_route=\/wp\/v2\/posts\/4480"}],"collection":[{"href":"https:\/\/etecia.com.br\/index.php?rest_route=\/wp\/v2\/posts"}],"about":[{"href":"https:\/\/etecia.com.br\/index.php?rest_route=\/wp\/v2\/types\/post"}],"author":[{"embeddable":true,"href":"https:\/\/etecia.com.br\/index.php?rest_route=\/wp\/v2\/users\/6"}],"replies":[{"embeddable":true,"href":"https:\/\/etecia.com.br\/index.php?rest_route=%2Fwp%2Fv2%2Fcomments&post=4480"}],"version-history":[{"count":4,"href":"https:\/\/etecia.com.br\/index.php?rest_route=\/wp\/v2\/posts\/4480\/revisions"}],"predecessor-version":[{"id":4597,"href":"https:\/\/etecia.com.br\/index.php?rest_route=\/wp\/v2\/posts\/4480\/revisions\/4597"}],"wp:featuredmedia":[{"embeddable":true,"href":"https:\/\/etecia.com.br\/index.php?rest_route=\/wp\/v2\/media\/4596"}],"wp:attachment":[{"href":"https:\/\/etecia.com.br\/index.php?rest_route=%2Fwp%2Fv2%2Fmedia&parent=4480"}],"wp:term":[{"taxonomy":"category","embeddable":true,"href":"https:\/\/etecia.com.br\/index.php?rest_route=%2Fwp%2Fv2%2Fcategories&post=4480"},{"taxonomy":"post_tag","embeddable":true,"href":"https:\/\/etecia.com.br\/index.php?rest_route=%2Fwp%2Fv2%2Ftags&post=4480"}],"curies":[{"name":"wp","href":"https:\/\/api.w.org\/{rel}","templated":true}]}}