{"id":4384,"date":"2021-03-12T17:26:54","date_gmt":"2021-03-12T20:26:54","guid":{"rendered":"http:\/\/etecirmaagostina.com.br\/?p=4384"},"modified":"2021-03-12T17:30:34","modified_gmt":"2021-03-12T20:30:34","slug":"fase-emergencial-plano-sao-paulo","status":"publish","type":"post","link":"https:\/\/etecia.com.br\/?p=4384","title":{"rendered":"Fase Emergencial &#8211; Plano S\u00e3o Paulo"},"content":{"rendered":"<div class=\"gridContainer\">\n<p>O Centro Paula Souza, entendendo a necessidade de ampliar o isolamento social, orienta que as<strong> aulas dever\u00e3o ocorrer remotamente<\/strong>, durante a Fase Emergencial &#8211; a vigorar entre os dias 15 de mar\u00e7o e 30 de mar\u00e7o &#8211; at\u00e9 que novas orienta\u00e7\u00f5es sejam encaminhadas.<\/p>\n<\/div>\n\n<div class=\"gridContainer\">\n<p><br>As escolas das redes Estadual e Municipal entrar\u00e3o em recesso antecipado. Mas, <strong>essa decis\u00e3o n\u00e3o afeta o calend\u00e1rio das ETECs!<\/strong><\/p>\n<\/div>\n\n<div class=\"gridContainer\">\n<p><br>Relembre o <a href=\"http:\/\/etecia.com.br\/horarios\" class=\"broken_link\">hor\u00e1rio<\/a> da sua turma para acompanhar as aulas pela plataforma\u00a0<em><a href=\"http:\/\/teams.microsoft.com\">MS TEAMS<\/a><\/em>.<\/p>\n<\/div>","protected":false},"excerpt":{"rendered":"<p>O Centro Paula Souza, entendendo a necessidade de ampliar o isolamento social, orienta que as aulas dever\u00e3o ocorrer remotamente, durante a Fase Emergencial &#8211; a vigorar entre os dias 15 de mar\u00e7o e 30 de mar\u00e7o &#8211; at\u00e9 que novas orienta\u00e7\u00f5es sejam encaminhadas. As escolas das redes Estadual e Municipal entrar\u00e3o em recesso antecipado. Mas,&nbsp;&hellip;<\/p>\n","protected":false},"author":6,"featured_media":4385,"comment_status":"open","ping_status":"open","sticky":false,"template":"","format":"standard","meta":[],"categories":[2],"tags":[],"_links":{"self":[{"href":"https:\/\/etecia.com.br\/index.php?rest_route=\/wp\/v2\/posts\/4384"}],"collection":[{"href":"https:\/\/etecia.com.br\/index.php?rest_route=\/wp\/v2\/posts"}],"about":[{"href":"https:\/\/etecia.com.br\/index.php?rest_route=\/wp\/v2\/types\/post"}],"author":[{"embeddable":true,"href":"https:\/\/etecia.com.br\/index.php?rest_route=\/wp\/v2\/users\/6"}],"replies":[{"embeddable":true,"href":"https:\/\/etecia.com.br\/index.php?rest_route=%2Fwp%2Fv2%2Fcomments&post=4384"}],"version-history":[{"count":4,"href":"https:\/\/etecia.com.br\/index.php?rest_route=\/wp\/v2\/posts\/4384\/revisions"}],"predecessor-version":[{"id":4390,"href":"https:\/\/etecia.com.br\/index.php?rest_route=\/wp\/v2\/posts\/4384\/revisions\/4390"}],"wp:featuredmedia":[{"embeddable":true,"href":"https:\/\/etecia.com.br\/index.php?rest_route=\/wp\/v2\/media\/4385"}],"wp:attachment":[{"href":"https:\/\/etecia.com.br\/index.php?rest_route=%2Fwp%2Fv2%2Fmedia&parent=4384"}],"wp:term":[{"taxonomy":"category","embeddable":true,"href":"https:\/\/etecia.com.br\/index.php?rest_route=%2Fwp%2Fv2%2Fcategories&post=4384"},{"taxonomy":"post_tag","embeddable":true,"href":"https:\/\/etecia.com.br\/index.php?rest_route=%2Fwp%2Fv2%2Ftags&post=4384"}],"curies":[{"name":"wp","href":"https:\/\/api.w.org\/{rel}","templated":true}]}}