{"id":4378,"date":"2021-06-07T10:00:00","date_gmt":"2021-06-07T13:00:00","guid":{"rendered":"http:\/\/etecirmaagostina.com.br\/?p=4378"},"modified":"2021-06-07T10:43:59","modified_gmt":"2021-06-07T13:43:59","slug":"processo-seletivo-simplificado-aviso-de-deferimento-das-inscricoes-e-convocacao-para-prova-de-metodos-pedagogicos","status":"publish","type":"post","link":"https:\/\/etecia.com.br\/?p=4378","title":{"rendered":"Processo Seletivo Simplificado \u2013 Aviso de Deferimento das Inscri\u00e7\u00f5es e Convoca\u00e7\u00e3o para Prova de M\u00e9todos Pedag\u00f3gicos"},"content":{"rendered":"<div class=\"gridContainer\">\n<p>Divulga\u00e7\u00e3o dos deferimento das inscri\u00e7\u00f5es para o processo seletivo docente e convoca\u00e7\u00e3o para aula teste. Clique no componente a seguir para ter acesso ao edital de convoca\u00e7\u00e3o.<br>(Lista atualizada em 07\/06\/2021)<\/p>\n<\/div>\n\n<div class=\"gridContainer\">\n<div class=\"wp-block-file\"><a href=\"http:\/\/etecia.com.br\/wp-content\/uploads\/2021\/06\/238-01-2021-L\u00edngua-Portuguesa-e-Literatura-PSS-.pdf\" target=\"_blank\" rel=\"noreferrer noopener\" class=\"broken_link\">238-01-2021 &#8211; <strong>L\u00edngua Portuguesa e Literatura<\/strong> -Ensino M\u00e9dio Integrado<\/a><\/div>\n<\/div>\n\n<div class=\"gridContainer\">\n<div class=\"wp-block-file\"><a href=\"http:\/\/etecia.com.br\/wp-content\/uploads\/2021\/03\/238-03-2021-Hist\u00f3ria-PSS-.pdf\" target=\"_blank\" rel=\"noreferrer noopener\" class=\"broken_link\">238-03-2021 &#8211; <strong>Hist\u00f3ria <\/strong>&#8211; Ensino M\u00e9dio Integrado<\/a><\/div>\n<\/div>\n\n<div class=\"gridContainer\">\n<div class=\"wp-block-file\"><a href=\"http:\/\/etecia.com.br\/wp-content\/uploads\/2021\/03\/238-04-2021-Qu\u00edmica-PSS-.pdf\" target=\"_blank\" rel=\"noreferrer noopener\" class=\"broken_link\">238-04-2021 &#8211; <strong>Qu\u00edmica<\/strong> &#8211; Ensino M\u00e9dio Integrado<\/a><\/div>\n<\/div>\n\n<div class=\"gridContainer\">\n<div class=\"wp-block-file\"><a href=\"http:\/\/etecia.com.br\/wp-content\/uploads\/2021\/04\/238-05-2021-F\u00edsica-RETIFICADO-PSS-.pdf\" target=\"_blank\" rel=\"noreferrer noopener\" class=\"broken_link\">238-05-2021 &#8211; <strong>F\u00edsica &#8211; <span class=\"has-inline-color has-vivid-red-color\">Retificado <\/span><\/strong>&#8211; Ensino M\u00e9dio Integrado<br>(Aten\u00e7\u00e3o candidatos \u00e0 vaga prevista no Processo Seletivo Simplificado &#8211; 238\/05\/2021. A lista de termas foi retificada no documento anexado)<\/a><\/div>\n<\/div>\n\n<div class=\"gridContainer\">\n<div class=\"wp-block-file\"><a href=\"http:\/\/etecia.com.br\/wp-content\/uploads\/2021\/03\/238-06-2021-Geografia-PSS-.pdf\" target=\"_blank\" rel=\"noreferrer noopener\" class=\"broken_link\">238-06-2021 &#8211; <strong>Geografia <\/strong>&#8211; Ensino M\u00e9dio Integrado<\/a><\/div>\n<\/div>\n\n<div class=\"gridContainer\">\n<div class=\"wp-block-file\"><a href=\"http:\/\/etecia.com.br\/wp-content\/uploads\/2021\/04\/238-07-2021-Processos-Eletroqu\u00edmicos-\u2013-Corros\u00e3o-Retificado-PSS-.pdf\" target=\"_blank\" rel=\"noreferrer noopener\" class=\"broken_link\">238-07-2021 &#8211; <strong>Processos Eletroqu\u00edmicos \u2013 Corros\u00e3o &#8211; <span class=\"has-inline-color has-vivid-red-color\">Retificado <\/span>&#8211;<\/strong> Qu\u00edmica<br>(Aten\u00e7\u00e3o candidatos \u00e0 vaga prevista no Processo Seletivo Simplificado &#8211; 238\/07\/2021. A lista de temas foi retificada no documento anexado)<\/a><\/div>\n<\/div>\n\n<div class=\"gridContainer\">\n<div class=\"wp-block-file\"><a href=\"http:\/\/etecia.com.br\/wp-content\/uploads\/2021\/04\/238-08-2021-Qu\u00edmica-dos-Alimentos-PSS-.pdf\" target=\"_blank\" rel=\"noreferrer noopener\" class=\"broken_link\">238-08-2021 &#8211; <strong>Qu\u00edmica dos Alimentos<\/strong> &#8211; Qu\u00edmica<\/a><\/div>\n<\/div>\n\n<div class=\"gridContainer\">\n<div class=\"wp-block-file\"><a href=\"http:\/\/etecia.com.br\/wp-content\/uploads\/2021\/03\/238-09-2021-Design-Digital-PSS-DEFERIMENTO_INDEFERIMENTO-SEM-PPI.pdf\" target=\"_blank\" rel=\"noreferrer noopener\" class=\"broken_link\">238\/09\/2021 &#8211; <strong>Design Digital<\/strong> &#8211; Desenvolvimento de Sistemas<\/a><\/div>\n<\/div>\n\n<div class=\"gridContainer\">\n<div class=\"wp-block-file\"><a href=\"http:\/\/etecia.com.br\/wp-content\/uploads\/2021\/04\/238-10-2021-Fundamentos-da-Inform\u00e1tica-PSS-.pdf\" target=\"_blank\" rel=\"noreferrer noopener\" class=\"broken_link\">238-10-2021 &#8211; <strong>Fundamentos da Inform\u00e1tica<\/strong> &#8211; Desenvolvimento de Sistemas <\/a><\/div>\n<\/div>\n\n<div class=\"gridContainer\">\n<div class=\"wp-block-file\"><a href=\"http:\/\/etecia.com.br\/wp-content\/uploads\/2021\/03\/238-11-2021-Programa\u00e7\u00e3o-Web-III-PSS-.pdf\" target=\"_blank\" rel=\"noreferrer noopener\" class=\"broken_link\">238-11-2021 &#8211; <strong>Programa\u00e7\u00e3o Web III<\/strong> &#8211; Desenvolvimento de Sistemas<\/a><\/div>\n<\/div>\n\n<div class=\"gridContainer\">\n<div class=\"wp-block-file\"><a href=\"http:\/\/etecia.com.br\/wp-content\/uploads\/2021\/03\/238-12-2021-Estrutura-e-Rotinas-em-Servi\u00e7os-de-Alimenta\u00e7\u00e3o-PSS-.pdf\" target=\"_blank\" rel=\"noreferrer noopener\" class=\"broken_link\">238-12-2021 &#8211; <strong>Estrutura e Rotinas em Servi\u00e7os de Alimenta\u00e7\u00e3o<\/strong> &#8211; Nutri\u00e7\u00e3o e Diet\u00e9tica<\/a><\/div>\n<\/div>\n\n<div class=\"gridContainer\">\n<div class=\"wp-block-file\"><a href=\"http:\/\/etecia.com.br\/wp-content\/uploads\/2021\/03\/238-13-2021-Tecnologia-dos-Alimentos-e-Rotulagem-Nutricional-PSS-.pdf\" target=\"_blank\" rel=\"noreferrer noopener\" class=\"broken_link\">238-13-2021 &#8211; <strong>Tecnologia dos Alimentos e Rotulagem Nutricional<\/strong> &#8211; Nutri\u00e7\u00e3o e Diet\u00e9tica<\/a><\/div>\n<\/div>\n\n<div class=\"gridContainer\">\n<div class=\"wp-block-file\"><a href=\"http:\/\/etecia.com.br\/wp-content\/uploads\/2021\/04\/238-14-2021-Higiene-dos-Alimentos-PSS-.pdf\" target=\"_blank\" rel=\"noreferrer noopener\" class=\"broken_link\">238-14-2021 &#8211; <strong>Higiene dos Alimentos<\/strong> &#8211; Nutri\u00e7\u00e3o e Diet\u00e9tica<\/a><\/div>\n<\/div>\n\n<div class=\"gridContainer\">\n<div class=\"wp-block-file\"><a href=\"http:\/\/etecia.com.br\/wp-content\/uploads\/2021\/04\/238-15-2021-T\u00e9cnica-Diet\u00e9tica-I-PSS-.pdf\" target=\"_blank\" rel=\"noreferrer noopener\" class=\"broken_link\">238-15-2021 &#8211; <strong>T\u00e9cnica Diet\u00e9tica I<\/strong> &#8211; Nutri\u00e7\u00e3o e Diet\u00e9tica<\/a><\/div>\n<\/div>\n\n<div class=\"gridContainer\">\n<div class=\"wp-block-file\"><a href=\"http:\/\/etecia.com.br\/wp-content\/uploads\/2021\/03\/238-16-2021-Gest\u00e3o-Financeira-e-Econ\u00f4mica-PSS-.pdf\" target=\"_blank\" rel=\"noreferrer noopener\" class=\"broken_link\">238-16-2021 &#8211; <strong>Gest\u00e3o Financeira e Econ\u00f4mica<\/strong> &#8211; Administra\u00e7\u00e3o <\/a><\/div>\n<\/div>\n\n<div class=\"gridContainer\">\n<div class=\"wp-block-file\"><a href=\"http:\/\/etecia.com.br\/wp-content\/uploads\/2021\/03\/238-17-2021-Tecnologia-da-Informa\u00e7\u00e3o-Aplicada-a-Administra\u00e7\u00e3o-Vila-Rubi-PSS-.pdf\" target=\"_blank\" rel=\"noreferrer noopener\" class=\"broken_link\">238-17-2021 &#8211;<strong> Tecnologia da Informa\u00e7\u00e3o Aplicada \u00e0 Administra\u00e7\u00e3o<\/strong> &#8211; Administra\u00e7\u00e3o<\/a><\/div>\n<\/div>\n\n<div class=\"gridContainer\">\n<div class=\"wp-block-file\"><a href=\"http:\/\/etecia.com.br\/wp-content\/uploads\/2021\/03\/238-18-2021-Planejamento-dos-Processos-Comerciais-Vila-Rubi-PSS-.pdf\" target=\"_blank\" rel=\"noreferrer noopener\" class=\"broken_link\">238-18-2021 &#8211; <strong>Planejamento dos Processos Comerciais<\/strong> &#8211; Administra\u00e7\u00e3o<\/a><\/div>\n<\/div>\n\n<div class=\"gridContainer\">\n<div class=\"wp-block-file\"><a href=\"http:\/\/etecia.com.br\/wp-content\/uploads\/2021\/03\/238-19-2021-Administra\u00e7\u00e3o-de-Marketing-ETIM-PSS-.pdf\" target=\"_blank\" rel=\"noreferrer noopener\" class=\"broken_link\">238-19-2021 &#8211; A<strong>dministra\u00e7\u00e3o de Marketing <\/strong>&#8211; ETIM Administra\u00e7\u00e3o <\/a><\/div>\n<\/div>\n\n<div class=\"gridContainer\">\n<div class=\"wp-block-file\"><a href=\"http:\/\/etecia.com.br\/wp-content\/uploads\/2021\/03\/238-20-2021-Gest\u00e3o-de-Pessoas-II-EIM-PSS-.pdf\" target=\"_blank\" rel=\"noreferrer noopener\" class=\"broken_link\">238-20-2021 &#8211; <strong>Gest\u00e3o de Pessoas II &#8211;<\/strong> ETIM Administra\u00e7\u00e3o <\/a><\/div>\n<\/div>\n\n<div class=\"gridContainer\">\n<div class=\"wp-block-file\"><a href=\"http:\/\/etecia.com.br\/wp-content\/uploads\/2021\/04\/238-21-2021-T\u00e9cnica-Diet\u00e9tica-III-PSS-.pdf\" target=\"_blank\" rel=\"noreferrer noopener\" class=\"broken_link\">238-21-2021 &#8211; <strong>T\u00e9cnica Diet\u00e9tica III<\/strong> &#8211; Nutri\u00e7\u00e3o e Diet\u00e9tica<\/a><\/div>\n<\/div>\n\n<div class=\"gridContainer\">\n<div class=\"wp-block-file\"><a href=\"http:\/\/etecia.com.br\/wp-content\/uploads\/2021\/04\/238-22-2021-C\u00e1lculos-para-Folha-de-Pagamento-PSS-.pdf\" target=\"_blank\" rel=\"noreferrer noopener\" class=\"broken_link\">238-22-2021 &#8211; <strong>C\u00e1lculos para Folha de Pagamento<\/strong> &#8211; Recursos Humanos<\/a><\/div>\n<\/div>\n\n<div class=\"gridContainer\">\n<div class=\"wp-block-file\"><a href=\"http:\/\/etecia.com.br\/wp-content\/uploads\/2021\/04\/238-23-2021-Aplicativos-Informatizados-VR-PSS-.pdf\" target=\"_blank\" rel=\"noreferrer noopener\" class=\"broken_link\">238-23-2021 &#8211;<strong> Aplicativos Informatizados<\/strong> &#8211; Recursos Humanos<\/a><\/div>\n<\/div>\n\n<div class=\"gridContainer\">\n<div class=\"wp-block-file\"><a href=\"http:\/\/etecia.com.br\/wp-content\/uploads\/2021\/03\/238-24-2021-\u00c9tica-e-Cidadania-Organizacional-Vila-Rubi-PSS-.pdf\" target=\"_blank\" rel=\"noreferrer noopener\" class=\"broken_link\">238-24-2021 &#8211; <strong>\u00c9tica e Cidadania Organizacional <\/strong>&#8211; Recursos Humanos<\/a><\/div>\n<\/div>\n\n<div class=\"gridContainer\">\n<div class=\"wp-block-file\"><a href=\"http:\/\/etecia.com.br\/wp-content\/uploads\/2021\/04\/238-25-2021-Estudos-da-Administra\u00e7\u00e3o-P\u00fablica-PSS-.pdf\" target=\"_blank\" rel=\"noreferrer noopener\" class=\"broken_link\">238-25-2021 &#8211; <strong>Estudos da Administra\u00e7\u00e3o P\u00fablica<\/strong> &#8211; Administra\u00e7\u00e3o <\/a><\/div>\n<\/div>\n\n<div class=\"gridContainer\">\n<p><\/p>\n<\/div>","protected":false},"excerpt":{"rendered":"<p>Divulga\u00e7\u00e3o dos deferimento das inscri\u00e7\u00f5es para o processo seletivo docente e convoca\u00e7\u00e3o para aula teste. Clique no componente a seguir para ter acesso ao edital de convoca\u00e7\u00e3o.(Lista atualizada em 07\/06\/2021)<\/p>\n","protected":false},"author":6,"featured_media":4379,"comment_status":"open","ping_status":"open","sticky":false,"template":"","format":"standard","meta":[],"categories":[2,26],"tags":[],"_links":{"self":[{"href":"https:\/\/etecia.com.br\/index.php?rest_route=\/wp\/v2\/posts\/4378"}],"collection":[{"href":"https:\/\/etecia.com.br\/index.php?rest_route=\/wp\/v2\/posts"}],"about":[{"href":"https:\/\/etecia.com.br\/index.php?rest_route=\/wp\/v2\/types\/post"}],"author":[{"embeddable":true,"href":"https:\/\/etecia.com.br\/index.php?rest_route=\/wp\/v2\/users\/6"}],"replies":[{"embeddable":true,"href":"https:\/\/etecia.com.br\/index.php?rest_route=%2Fwp%2Fv2%2Fcomments&post=4378"}],"version-history":[{"count":10,"href":"https:\/\/etecia.com.br\/index.php?rest_route=\/wp\/v2\/posts\/4378\/revisions"}],"predecessor-version":[{"id":4610,"href":"https:\/\/etecia.com.br\/index.php?rest_route=\/wp\/v2\/posts\/4378\/revisions\/4610"}],"wp:featuredmedia":[{"embeddable":true,"href":"https:\/\/etecia.com.br\/index.php?rest_route=\/wp\/v2\/media\/4379"}],"wp:attachment":[{"href":"https:\/\/etecia.com.br\/index.php?rest_route=%2Fwp%2Fv2%2Fmedia&parent=4378"}],"wp:term":[{"taxonomy":"category","embeddable":true,"href":"https:\/\/etecia.com.br\/index.php?rest_route=%2Fwp%2Fv2%2Fcategories&post=4378"},{"taxonomy":"post_tag","embeddable":true,"href":"https:\/\/etecia.com.br\/index.php?rest_route=%2Fwp%2Fv2%2Ftags&post=4378"}],"curies":[{"name":"wp","href":"https:\/\/api.w.org\/{rel}","templated":true}]}}