{"id":4354,"date":"2021-03-05T01:08:35","date_gmt":"2021-03-05T04:08:35","guid":{"rendered":"http:\/\/etecirmaagostina.com.br\/?p=4354"},"modified":"2021-03-05T01:11:59","modified_gmt":"2021-03-05T04:11:59","slug":"4354-2","status":"publish","type":"post","link":"https:\/\/etecia.com.br\/?p=4354","title":{"rendered":"Suspens\u00e3o das Atividades Presenciais"},"content":{"rendered":"<div class=\"gridContainer\">\n<p>Temos acompanhado com apreens\u00e3o as not\u00edcias da evolu\u00e7\u00e3o da pandemia em todo o Brasil. Ap\u00f3s o an\u00fancio da sinaliza\u00e7\u00e3o da fase vermelha em todo estado, a Superintend\u00eancia do CPS decidiu pela suspens\u00e3o das aulas presencias, a partir de segunda-feira (08).<\/p>\n<\/div>\n\n<div class=\"gridContainer\">\n<p>Diante desse cen\u00e1rio, a equipe gestora da ETEC Irm\u00e3 Agostina decidiu suspender as aulas presenciais j\u00e1 a partir da pr\u00f3xima sexta (05). Dessa forma tamb\u00e9m n\u00e3o teremos reposi\u00e7\u00e3o de aula no s\u00e1bado.<\/p>\n<\/div>\n\n<div class=\"gridContainer\">\n<p>Nesse per\u00edodo, a escola segue aberta para <a href=\"https:\/\/www.cps.sp.gov.br\/etecs-e-fatecs-terao-somente-atividades-essenciais-no-presencial\/\">atendimento <\/a> da comunidade e as <strong>aulas seguem no formato remoto<\/strong>. <\/p>\n<\/div>\n\n<div class=\"gridContainer\">\n<p>Agradecemos o empenho de todos professores e funcion\u00e1rios que se mobilizaram para oferecer as aulas presenciais, mostrando que estamos prontos para o retorno e o faremos quando for seguro para todos.<\/p>\n<\/div>\n\n<div class=\"gridContainer\">\n<p>Seguimos trabalhando por uma educa\u00e7\u00e3o de qualidade e torcendo por dias melhores.<br>Juntos vamos superar mais esse desafio.<\/p>\n<\/div>","protected":false},"excerpt":{"rendered":"<p>Temos acompanhado com apreens\u00e3o as not\u00edcias da evolu\u00e7\u00e3o da pandemia em todo o Brasil. Ap\u00f3s o an\u00fancio da sinaliza\u00e7\u00e3o da fase vermelha em todo estado, a Superintend\u00eancia do CPS decidiu pela suspens\u00e3o das aulas presencias, a partir de segunda-feira (08). Diante desse cen\u00e1rio, a equipe gestora da ETEC Irm\u00e3 Agostina decidiu suspender as aulas presenciais&nbsp;&hellip;<\/p>\n","protected":false},"author":6,"featured_media":4356,"comment_status":"open","ping_status":"open","sticky":false,"template":"","format":"standard","meta":[],"categories":[2],"tags":[],"_links":{"self":[{"href":"https:\/\/etecia.com.br\/index.php?rest_route=\/wp\/v2\/posts\/4354"}],"collection":[{"href":"https:\/\/etecia.com.br\/index.php?rest_route=\/wp\/v2\/posts"}],"about":[{"href":"https:\/\/etecia.com.br\/index.php?rest_route=\/wp\/v2\/types\/post"}],"author":[{"embeddable":true,"href":"https:\/\/etecia.com.br\/index.php?rest_route=\/wp\/v2\/users\/6"}],"replies":[{"embeddable":true,"href":"https:\/\/etecia.com.br\/index.php?rest_route=%2Fwp%2Fv2%2Fcomments&post=4354"}],"version-history":[{"count":3,"href":"https:\/\/etecia.com.br\/index.php?rest_route=\/wp\/v2\/posts\/4354\/revisions"}],"predecessor-version":[{"id":4359,"href":"https:\/\/etecia.com.br\/index.php?rest_route=\/wp\/v2\/posts\/4354\/revisions\/4359"}],"wp:featuredmedia":[{"embeddable":true,"href":"https:\/\/etecia.com.br\/index.php?rest_route=\/wp\/v2\/media\/4356"}],"wp:attachment":[{"href":"https:\/\/etecia.com.br\/index.php?rest_route=%2Fwp%2Fv2%2Fmedia&parent=4354"}],"wp:term":[{"taxonomy":"category","embeddable":true,"href":"https:\/\/etecia.com.br\/index.php?rest_route=%2Fwp%2Fv2%2Fcategories&post=4354"},{"taxonomy":"post_tag","embeddable":true,"href":"https:\/\/etecia.com.br\/index.php?rest_route=%2Fwp%2Fv2%2Ftags&post=4354"}],"curies":[{"name":"wp","href":"https:\/\/api.w.org\/{rel}","templated":true}]}}