{"id":4179,"date":"2021-02-12T16:19:28","date_gmt":"2021-02-12T19:19:28","guid":{"rendered":"http:\/\/etecirmaagostina.com.br\/?p=4179"},"modified":"2021-02-12T16:21:24","modified_gmt":"2021-02-12T19:21:24","slug":"alteracao-dos-calendarios-carnaval","status":"publish","type":"post","link":"https:\/\/etecia.com.br\/?p=4179","title":{"rendered":"Altera\u00e7\u00e3o dos Calend\u00e1rios &#8211; CARNAVAL"},"content":{"rendered":"<div class=\"gridContainer\">\n<p>Devido ao&nbsp;<a rel=\"noreferrer noopener\" href=\"http:\/\/legislacao.prefeitura.sp.gov.br\/leis\/decreto-60058-de-27-de-janeiro-de-2021\" target=\"_blank\">decreto 60.058<\/a>, de 27\/01\/2021, da Prefeitura do Munic\u00edpio de S\u00e3o Paulo, os calend\u00e1rios foram alterados, tornando&nbsp;<strong><em>letivos os dias 15, 16 e 17 de fevereiro<\/em><\/strong>.<\/p>\n<\/div>","protected":false},"excerpt":{"rendered":"<p>Devido ao&nbsp;decreto 60.058, de 27\/01\/2021, da Prefeitura do Munic\u00edpio de S\u00e3o Paulo, os calend\u00e1rios foram alterados, tornando&nbsp;letivos os dias 15, 16 e 17 de fevereiro.<\/p>\n","protected":false},"author":6,"featured_media":3960,"comment_status":"open","ping_status":"open","sticky":false,"template":"","format":"standard","meta":[],"categories":[2],"tags":[],"_links":{"self":[{"href":"https:\/\/etecia.com.br\/index.php?rest_route=\/wp\/v2\/posts\/4179"}],"collection":[{"href":"https:\/\/etecia.com.br\/index.php?rest_route=\/wp\/v2\/posts"}],"about":[{"href":"https:\/\/etecia.com.br\/index.php?rest_route=\/wp\/v2\/types\/post"}],"author":[{"embeddable":true,"href":"https:\/\/etecia.com.br\/index.php?rest_route=\/wp\/v2\/users\/6"}],"replies":[{"embeddable":true,"href":"https:\/\/etecia.com.br\/index.php?rest_route=%2Fwp%2Fv2%2Fcomments&post=4179"}],"version-history":[{"count":3,"href":"https:\/\/etecia.com.br\/index.php?rest_route=\/wp\/v2\/posts\/4179\/revisions"}],"predecessor-version":[{"id":4182,"href":"https:\/\/etecia.com.br\/index.php?rest_route=\/wp\/v2\/posts\/4179\/revisions\/4182"}],"wp:featuredmedia":[{"embeddable":true,"href":"https:\/\/etecia.com.br\/index.php?rest_route=\/wp\/v2\/media\/3960"}],"wp:attachment":[{"href":"https:\/\/etecia.com.br\/index.php?rest_route=%2Fwp%2Fv2%2Fmedia&parent=4179"}],"wp:term":[{"taxonomy":"category","embeddable":true,"href":"https:\/\/etecia.com.br\/index.php?rest_route=%2Fwp%2Fv2%2Fcategories&post=4179"},{"taxonomy":"post_tag","embeddable":true,"href":"https:\/\/etecia.com.br\/index.php?rest_route=%2Fwp%2Fv2%2Ftags&post=4179"}],"curies":[{"name":"wp","href":"https:\/\/api.w.org\/{rel}","templated":true}]}}