{"id":415,"date":"2012-10-23T17:24:25","date_gmt":"2012-10-23T20:24:25","guid":{"rendered":"http:\/\/etecia.com.br\/portaletecia\/?p=415"},"modified":"2020-01-07T17:46:05","modified_gmt":"2020-01-07T19:46:05","slug":"abertas-inscricoes-para-intercambio-cultural","status":"publish","type":"post","link":"https:\/\/etecia.com.br\/?p=415","title":{"rendered":"Abertas inscri\u00e7\u00f5es para interc\u00e2mbio cultural"},"content":{"rendered":"<p><a href=\"http:\/\/etecia.com.br\/portaletecia\/wp-content\/uploads\/2012\/10\/ID-10042788.jpg\" class=\"broken_link\"><img loading=\"lazy\" class=\"alignleft size-medium wp-image-419\" title=\"Interc\u00e2mbio\" src=\"http:\/\/etecia.com.br\/portaletecia\/wp-content\/uploads\/2012\/10\/ID-10042788-300x199.jpg\" alt=\"Interc\u00e2mbio cultural\" width=\"300\" height=\"199\"><\/a>O Centro Paula Souza abre o processo de Sele\u00e7\u00e3o dos <strong><em>Alunos dos Cursos T\u00e9cnico e Tecnol\u00f3gico, <\/em><\/strong>s\u00e3o ofertadas 200 bolsas para o Programa de Interc\u00e2mbio com um <strong><em>Curso Imers\u00e3o de L\u00edngua Inglesa<\/em><\/strong> dividida entre os Estados Unidos, Inglaterra e Nova Zel\u00e2ndia aos melhores ALUNOS CONCLUINTES da rede, no 2\u00ba semestre de 2012.&nbsp; Para participar do processo seletivo \u00e9 necess\u00e1rio que o perfil do aluno seja condizente com o programa, conforme segue:<\/p>\n<p><strong>INFORMA\u00c7\u00d5ES SOBRE O PROGRAMA<\/strong><\/p>\n<p>&#8211; &nbsp;<strong>Participantes: <\/strong>CONCLUINTES do segundo semestre letivo de 2012 dos cursos T\u00c9CNICOS E TECNOL\u00d3GICOS do Centro Paula Souza<strong><\/strong><\/p>\n<p>&#8211;&nbsp; <strong>N\u00famero total de vagas:<\/strong> 255<\/p>\n<p>&#8211;&nbsp; <strong>Distribui\u00e7\u00e3o das vagas:<\/strong> 1 vaga por unidade de ensino do Centro Paula Souza<\/p>\n<p><strong>&#8211; &nbsp;Condi\u00e7\u00e3o para a Valida\u00e7\u00e3o das Inscri\u00e7\u00f5es: <\/strong>ser aluno concluinte em CURSO T\u00c9CNICO ou CURSO TECNOL\u00d3GICO no 2<strong>\u00ba semestre de 2012<\/strong>; ter 75% de frequ\u00eancia m\u00ednima no curso; n\u00e3o ter nenhum registro escrito de advert\u00eancia ou pena disciplinar; ser aluno de Etec (atual ou outra) desde o 1\u00ba m\u00f3dulo; n\u00e3o ter men\u00e7\u00f5es parciais e finais I e\/ou R;<\/p>\n<p>&#8211;&nbsp; <strong>Crit\u00e9rio para a classifica\u00e7\u00e3o: <\/strong>melhor desempenho acad\u00eamico.<\/p>\n<p>Forma de c\u00e1lculo:<\/p>\n<ul>\n<li>Etec: O desempenho global ser\u00e1 calculado por meio da an\u00e1lise da porcentagem de men\u00e7\u00f5es MB em rela\u00e7\u00e3o ao n\u00famero total de men\u00e7\u00f5es, a partir da an\u00e1lise da Ata de Conselho de Classe Intermedi\u00e1rio e Final de todos os m\u00f3dulos &#8211; atual e anterior (es). Caber\u00e1 ao Conselho de Escola validar a classifica\u00e7\u00e3o e, em caso de empate, definir o primeiro classificado atrav\u00e9s da an\u00e1lise da assiduidade. Se ainda assim, permanecer o empate, dever\u00e1 ser considerada a participa\u00e7\u00e3o do aluno na vida escolar (atividades extraclasse e de natureza social).<\/li>\n<li>Fatec: Melhor \u00edndice entre todos os cursos e per\u00edodos: Forma de c\u00e1lculo: M\u00e9dia do aluno (1\u00ba ao 5\u00ba semestre) dividido pela m\u00e9dia da sala do aluno (1\u00ba ao 5\u00ba semestre).<\/li>\n<\/ul>\n<p>&nbsp;<\/p>\n<p>&#8211; &nbsp;<strong>Total de Alunos indicados para o Programa: <\/strong>5 alunos por unidade.<\/p>\n<p>&#8211; &nbsp;<strong>Tipo de Curso: <\/strong>4 semanas de curso intensivo de ingl\u00eas em escolas internacionais, redes de ensino de idiomas que avaliar\u00e3o todos os alunos ao in\u00edcio do curso e far\u00e1 a matr\u00edcula de acordo com o n\u00edvel de conhecimento.<\/p>\n<p>&#8211; &nbsp;<strong>Tipo de Acomoda\u00e7\u00e3o:<\/strong> em casa de fam\u00edlia, em quarto individual, respeitando o <em>mix<\/em> de nacionalidade.<\/p>\n<p>&#8211; &nbsp;<strong>Alimenta\u00e7\u00e3o:<\/strong> meia pens\u00e3o (caf\u00e9 da manh\u00e3 e jantar) durante a semana e possibilidade de pens\u00e3o completa aos finais de semana (isso depende da rotina da fam\u00edlia).<\/p>\n<p>&#8211; &nbsp;<strong>Ajuda de custo:<\/strong> cada participante receber\u00e1 uma ajuda de custo de 400,00 (quatrocentos) \u2013 d\u00f3lares americanos, d\u00f3lares neozelandeses ou libras esterlinas -, conforme o pa\u00eds de destino que ser\u00e1 depositado em cart\u00e3o de viagem.<\/p>\n<p>&#8211; &nbsp;<strong>Transporte A\u00e9reo:<\/strong> Passagem a\u00e9rea em classe econ\u00f4mica, priorizando o menor n\u00famero de conex\u00f5es poss\u00edveis.<\/p>\n<p><strong>&#8211; &nbsp;Traslados (transporte no trajeto aeroporto &#8211; casa de fam\u00edlia \u2013 aeroporto):<\/strong> Esse transporte ser\u00e1 oferecido com in\u00edcio no aeroporto de chegada aos pa\u00edses.<\/p>\n<p>&#8211; &nbsp;<strong>Transporte nos Pa\u00edses:<\/strong> \u00d4nibus, metr\u00f4 e demais meios de transporte no trajeto Casa de Fam\u00edlia \u2013 Escola \u2013 Casa de Fam\u00edlia.<\/p>\n<p>&#8211; &nbsp;<strong>Seguro Sa\u00fade:<\/strong> Seguro sa\u00fade para todos os intercambistas. Os dados sobre a cobertura ser\u00e3o divulgados posteriormente.<\/p>\n<p>&#8211; &nbsp;<strong>Desist\u00eancias: <\/strong>O aluno tem at\u00e9 10 (dez) dias para desistir do Programa sem \u00f4nus. O suplente tem 5 (cinco) dias de prazo para desistir.<\/p>\n<p>&#8211; &nbsp;<strong>Custos: <\/strong>As despesas com os documentos pessoais, e viagens para o consulado e\/ou entrevistas ser\u00e3o por conta do participante.<\/p>\n<p>&#8211; &nbsp;<strong>Datas de Embarque prov\u00e1veis:<\/strong> as prov\u00e1veis datas de embarque ser\u00e3o entre mar\u00e7o a junho.<\/p>\n<p>&#8211; &nbsp;<strong>Cronograma de atividades:<\/strong><\/p>\n<p><strong>&nbsp;<\/strong><\/p>\n<div align=\"center\">\n<table style=\"width: 412px;\" border=\"1\" cellspacing=\"0\" cellpadding=\"0\">\n<tbody>\n<tr>\n<td valign=\"top\" width=\"260\"><strong>A\u00e7\u00f5es <\/strong><\/td>\n<td valign=\"top\" width=\"151\"><strong>Datas <\/strong><\/td>\n<\/tr>\n<tr>\n<td valign=\"top\" width=\"260\">Inscri\u00e7\u00f5es<\/td>\n<td valign=\"top\" width=\"151\">16\/10\/2012 a 16\/11\/2012<\/td>\n<\/tr>\n<tr>\n<td valign=\"top\" width=\"260\">Lan\u00e7amento de notas no sistema<\/td>\n<td valign=\"top\" width=\"151\">19\/11\/2012 a 28\/11\/2012<\/td>\n<\/tr>\n<tr>\n<td valign=\"top\" width=\"260\">Divulga\u00e7\u00e3o da Lista dos 5 primeiros colocados por unidade<\/td>\n<td valign=\"top\" width=\"151\">a partir de 12 de dezembro<\/td>\n<\/tr>\n<tr>\n<td valign=\"top\" width=\"260\">Prazo para recursos<\/td>\n<td valign=\"top\" width=\"151\">7 dias a partir da publica\u00e7\u00e3o<\/td>\n<\/tr>\n<\/tbody>\n<\/table>\n<\/div>\n<p>&nbsp;<\/p>\n<p>&#8211; &nbsp;<strong>Inscri\u00e7\u00f5es: <\/strong>para participar, o aluno deve acessar o site:<\/p>\n<p><strong><a href=\"http:\/\/intercambio.fatgestao.org.br\/\" class=\"broken_link\">http:\/\/intercambio.fatgestao.org.br\/<\/a><\/strong><\/p>\n<p>&#8211; &nbsp;<strong>Processo de Valida\u00e7\u00e3o: <\/strong>as unidades de ensino receber\u00e3o instru\u00e7\u00f5es e um link do sistema para fazer a inclus\u00e3o de notas, bem como processo de valida\u00e7\u00e3o do status final dos alunos.<\/p>\n<p>Veja o depoimento do Carlos Eduardo, aluno de inform\u00e1tica que participou do interc\u00e2mbio.<\/p>\n<div>\n<blockquote>\n<div id=\"attachment_423\" style=\"width: 310px\" class=\"wp-caption alignleft\"><a href=\"http:\/\/etecia.com.br\/portaletecia\/wp-content\/uploads\/2012\/10\/etec1.jpg\" class=\"broken_link\"><img aria-describedby=\"caption-attachment-423\" loading=\"lazy\" class=\"size-medium wp-image-423\" title=\"Carlos no Interc\u00e2mbio\" src=\"http:\/\/etecia.com.br\/portaletecia\/wp-content\/uploads\/2012\/10\/etec1-300x225.jpg\" alt=\"\" width=\"300\" height=\"225\"><\/a><p id=\"caption-attachment-423\" class=\"wp-caption-text\">Carlos Eduardo na Golden Gate<\/p><\/div>\n<p>Meu nome \u00e9 Carlos Eduardo sou ex-aluno da ETEC Irm\u00e3 Agostina formado no Curso T\u00e9cnico em Inform\u00e1tica em 2011, e fui um dos contemplados para participar do Programa Interc\u00e2mbio Cultural. Ganhei uma bolsa de estudos de 1 m\u00eas em uma renomada escola de idiomas para estrangeiros nos Estados Unidos. Morei no apartamento de um professor aposentado em Oakland e estudava em Berkeley cidade vizinha. Melhorei muito o meu ingl\u00eas em um m\u00eas de aula.<\/p>\n<p>Mas n\u00e3o foi o ingl\u00eas a coisa mais importante nessa viagem, e sim o que eu aprendi comigo mesmo, e com os outros. Vivi e senti coisas inexpress\u00e1veis, n\u00e3o fiz uma amizade com todos os outros brasileiros que estiveram comigo, e sim uma fam\u00edlia. Tudo diferente, gosto da comida, modos, tr\u00e2nsito, tudo! Tudo mesmo. Fiz amizades com coreanos, turcos, guatemalteco, japon\u00eas, indiano, saudita e de muitas outras na\u00e7\u00f5es.<\/p>\n<p>Conheci lugares lindos como a&nbsp;<em>Golden Gate Bridge<\/em>&nbsp;e&nbsp;<em>Park<\/em>,&nbsp;<em>Fisherman\u2019s Wharf of San Francisco<\/em>&nbsp;,&nbsp;<em>Lombard Street<\/em>,&nbsp;<em>Oakland Zoo<\/em>,&nbsp;<em>University of California<\/em>,&nbsp;<em>Indian Rock<\/em>,&nbsp;<em>Pier 39<\/em>,&nbsp;<em>China Town&nbsp;<\/em>entre outros.&nbsp;E o mais importante eu aproveitei demais tudo isso!<\/p>\n<p>Fiquem tranquilos realmente todo o custo referente \u00e0 passagem, estudos, e translado s\u00e3o pagos pelo Centro Paula Souza.<\/p>\n<p>Tenho muito a agradecer todo o apoio e ajuda que a ETEC Irm\u00e3 Agostina me deu, e aos meus antigos colegas de sala.<\/p>\n<p><em>Want live what I lived?<\/em><\/p>\n<p><em>Sign-up and good luck \ud83d\ude09<\/em><\/p><\/blockquote>\n<p>Veja o depoimento da aluno Beatriz do curso de qu\u00edmica:<\/p>\n<blockquote><p>Meu nome \u00e9 Beatriz Valfogo Machado e fui contemplada com o Interc\u00e2mbio Cultural do Centro Paula Souza. Passei o m\u00eas de outubro em San Francisco, estudando ingl\u00eas na Kaplan. Foi uma experi\u00eancia maravilhosa, a cidade \u00e9 linda, conhecemos v\u00e1rios pontos tur\u00edsticos famosos, como a Golden Gate Bridge, Alamo Square, Lombard Street, Alcatraz, entre outros, praticamos ingl\u00eas em uma institui\u00e7\u00e3o incr\u00edvel, em que todos os funcion\u00e1rios est\u00e3o sempre alegres e prontos para te ajudar, fizemos novas amizades e conhecemos novas culturas. Essa experi\u00eancia foi muito al\u00e9m das minhas expectativas, consegui vencer alguns medos e aprender a me virar sozinha, n\u00f3s aprendemos a valorizar muito mais nossa fam\u00edlia, amigos e at\u00e9 pequenas coisas como a nossa comida! Nem tudo \u00e9 perfeito, \u00e0s vezes voc\u00ea encontrar\u00e1 uma host mother que n\u00e3o seja t\u00e3o amig\u00e1vel ou talvez n\u00e3o tenha tanta facilidade em se comunicar, mas s\u00e3o esses desafios que nos fazem crescer e voltarmos com uma carga de conhecimento enorme.Valeu a pena ter me dedicado durante o curso e ganho essa oportunidades, indico a todos que est\u00e3o cursando ETEC e FATEC, fa\u00e7am o que gostam, se dediquem e ganhem o interc\u00e2mbio, pois \u00e9 algo \u00fanico, voc\u00ea ver\u00e1. Agrade\u00e7o pela oportunidade, foi experi\u00eancia inesquec\u00edvel.<\/p><\/blockquote>\n<p>Em caso de d\u00favida, procure a coordena\u00e7\u00e3o ou fale com os respons\u00e1veis pelo projeto no link abaixo.<\/p>\n<p><strong>Fale Conosco &#8211; Centro Paula Souza&nbsp; <a href=\"http:\/\/bit.ly\/fale-intercambio2012\" class=\"broken_link\">http:\/\/bit.ly\/fale-intercambio2012<\/a><\/strong><\/p>\n<\/div>\n","protected":false},"excerpt":{"rendered":"<p>O Centro Paula Souza abre o processo de Sele\u00e7\u00e3o dos Alunos dos Cursos T\u00e9cnico e Tecnol\u00f3gico, s\u00e3o ofertadas 200 bolsas para o Programa de Interc\u00e2mbio com um Curso Imers\u00e3o de L\u00edngua Inglesa dividida entre os Estados Unidos, Inglaterra e Nova Zel\u00e2ndia aos melhores ALUNOS CONCLUINTES da rede, no 2\u00ba semestre de 2012.&nbsp; Para participar do&nbsp;&hellip;<\/p>\n","protected":false},"author":1,"featured_media":0,"comment_status":"open","ping_status":"open","sticky":false,"template":"","format":"standard","meta":[],"categories":[2],"tags":[],"_links":{"self":[{"href":"https:\/\/etecia.com.br\/index.php?rest_route=\/wp\/v2\/posts\/415"}],"collection":[{"href":"https:\/\/etecia.com.br\/index.php?rest_route=\/wp\/v2\/posts"}],"about":[{"href":"https:\/\/etecia.com.br\/index.php?rest_route=\/wp\/v2\/types\/post"}],"author":[{"embeddable":true,"href":"https:\/\/etecia.com.br\/index.php?rest_route=\/wp\/v2\/users\/1"}],"replies":[{"embeddable":true,"href":"https:\/\/etecia.com.br\/index.php?rest_route=%2Fwp%2Fv2%2Fcomments&post=415"}],"version-history":[{"count":1,"href":"https:\/\/etecia.com.br\/index.php?rest_route=\/wp\/v2\/posts\/415\/revisions"}],"predecessor-version":[{"id":3568,"href":"https:\/\/etecia.com.br\/index.php?rest_route=\/wp\/v2\/posts\/415\/revisions\/3568"}],"wp:attachment":[{"href":"https:\/\/etecia.com.br\/index.php?rest_route=%2Fwp%2Fv2%2Fmedia&parent=415"}],"wp:term":[{"taxonomy":"category","embeddable":true,"href":"https:\/\/etecia.com.br\/index.php?rest_route=%2Fwp%2Fv2%2Fcategories&post=415"},{"taxonomy":"post_tag","embeddable":true,"href":"https:\/\/etecia.com.br\/index.php?rest_route=%2Fwp%2Fv2%2Ftags&post=415"}],"curies":[{"name":"wp","href":"https:\/\/api.w.org\/{rel}","templated":true}]}}