{"id":3913,"date":"2020-03-16T16:12:37","date_gmt":"2020-03-16T19:12:37","guid":{"rendered":"https:\/\/etecirmaagostina.com.br\/?p=3913"},"modified":"2020-03-20T11:57:59","modified_gmt":"2020-03-20T14:57:59","slug":"covid-19","status":"publish","type":"post","link":"https:\/\/etecia.com.br\/?p=3913","title":{"rendered":"COVID-19"},"content":{"rendered":"<div class=\"gridContainer\">\n<p>Nessa p\u00e1gina estar\u00e3o dispon\u00edveis as \u00faltimas informa\u00e7\u00f5es sobre a situa\u00e7\u00e3o da pandemia causada pelo novo corona v\u00edrus e seus impactos na rotina da escola.<\/p>\n<\/div>\n\n<div class=\"gridContainer\">\n<p><em>Atualizado em 20\/03\/2020.<\/em><\/p>\n<\/div>\n\n<div class=\"gridContainer\">\n<ul><li>As faltas dos dias 16 e 17\/03 ser\u00e3o automaticamente justificadas, n\u00e3o havendo preju\u00edzos em rela\u00e7\u00e3o a frequ\u00eancia para aprova\u00e7\u00e3o.<\/li><li>A partir do dia <strong>18\/03 as aulas est\u00e3o suspensas em todas as ETECs<\/strong>.<\/li><li>Os docentes e servidores administrativos com mais de 60 anos est\u00e3o realizando suas atividades em casa.<\/li><li>De <strong>23\/03 a 21\/04 haver\u00e1 antecipa\u00e7\u00e3o dos recessos escolares<\/strong>, correspondente ao per\u00edodo previsto em abril, julho e outubro.<\/li><li>Durante o recesso os professores estar\u00e3o sendo capacitados para uso de t\u00e9cnicas de educa\u00e7\u00e3o a dist\u00e2ncia e estar\u00e3o desenvolvendo materiais para as aulas.<\/li><li>Os benef\u00edcios de transporte (meia tarifa e passe livre) foram suspensos pela <a rel=\"noreferrer noopener\" href=\"http:\/\/www.sptrans.com.br\/noticias\/sptrans-suspende-as-cotas-de-gratuidade-e-meia-tarifa-para-estudantes\/\" target=\"_blank\">SPTrans <\/a>por tempo indeterminado, uma vez que os alunos n\u00e3o precisam mais se deslocar para a escola.<\/li><li>A atendimento presencial na secretaria da escola acontecer\u00e1 das 13h as 18h. D\u00ea prefer\u00eancia ao atendimento virtual por WhatsApp e e-mail.<\/li><\/ul>\n<\/div>\n\n<div class=\"gridContainer\">\n<p>Estamos todos lidando com um cen\u00e1rio in\u00e9dito, de car\u00e1ter global e que tem gerado inseguran\u00e7a e apreens\u00e3o na sociedade, em especial nossa comunidade escolar. A ETEC Irm\u00e3 Agostina tem trabalhado intensamente, colaborando com os diversos setores do governo e da sociedade para amenizar os problemas causados pela pandemia. <\/p>\n<\/div>\n\n<div class=\"gridContainer\">\n<p>Contamos com a colabora\u00e7\u00e3o e o apoio de todos.<\/p>\n<\/div>\n\n<div class=\"gridContainer\">\n<p>Os nossos canais de comunica\u00e7\u00e3o est\u00e3o abertos para esclarecimento de eventuais d\u00favidas.<\/p>\n<\/div>","protected":false},"excerpt":{"rendered":"<p>Nessa p\u00e1gina estar\u00e3o dispon\u00edveis as \u00faltimas informa\u00e7\u00f5es sobre a situa\u00e7\u00e3o da pandemia causada pelo novo corona v\u00edrus e seus impactos na rotina da escola. Atualizado em 20\/03\/2020. As faltas dos dias 16 e 17\/03 ser\u00e3o automaticamente justificadas, n\u00e3o havendo preju\u00edzos em rela\u00e7\u00e3o a frequ\u00eancia para aprova\u00e7\u00e3o. A partir do dia 18\/03 as aulas est\u00e3o suspensas&nbsp;&hellip;<\/p>\n","protected":false},"author":1,"featured_media":3914,"comment_status":"open","ping_status":"open","sticky":false,"template":"","format":"standard","meta":[],"categories":[2],"tags":[],"_links":{"self":[{"href":"https:\/\/etecia.com.br\/index.php?rest_route=\/wp\/v2\/posts\/3913"}],"collection":[{"href":"https:\/\/etecia.com.br\/index.php?rest_route=\/wp\/v2\/posts"}],"about":[{"href":"https:\/\/etecia.com.br\/index.php?rest_route=\/wp\/v2\/types\/post"}],"author":[{"embeddable":true,"href":"https:\/\/etecia.com.br\/index.php?rest_route=\/wp\/v2\/users\/1"}],"replies":[{"embeddable":true,"href":"https:\/\/etecia.com.br\/index.php?rest_route=%2Fwp%2Fv2%2Fcomments&post=3913"}],"version-history":[{"count":6,"href":"https:\/\/etecia.com.br\/index.php?rest_route=\/wp\/v2\/posts\/3913\/revisions"}],"predecessor-version":[{"id":3926,"href":"https:\/\/etecia.com.br\/index.php?rest_route=\/wp\/v2\/posts\/3913\/revisions\/3926"}],"wp:featuredmedia":[{"embeddable":true,"href":"https:\/\/etecia.com.br\/index.php?rest_route=\/wp\/v2\/media\/3914"}],"wp:attachment":[{"href":"https:\/\/etecia.com.br\/index.php?rest_route=%2Fwp%2Fv2%2Fmedia&parent=3913"}],"wp:term":[{"taxonomy":"category","embeddable":true,"href":"https:\/\/etecia.com.br\/index.php?rest_route=%2Fwp%2Fv2%2Fcategories&post=3913"},{"taxonomy":"post_tag","embeddable":true,"href":"https:\/\/etecia.com.br\/index.php?rest_route=%2Fwp%2Fv2%2Ftags&post=3913"}],"curies":[{"name":"wp","href":"https:\/\/api.w.org\/{rel}","templated":true}]}}