{"id":385,"date":"2012-09-18T20:53:09","date_gmt":"2012-09-18T23:53:09","guid":{"rendered":"http:\/\/etecia.com.br\/portaletecia\/?p=385"},"modified":"2012-09-18T20:53:09","modified_gmt":"2012-09-18T23:53:09","slug":"festival-de-musica-no-dia-29-de-setembro","status":"publish","type":"post","link":"https:\/\/etecia.com.br\/?p=385","title":{"rendered":"Festival de M\u00fasica no dia 29 de setembro"},"content":{"rendered":"<p><a href=\"http:\/\/etecia.com.br\/portaletecia\/wp-content\/uploads\/2012\/09\/FESTIVALMUSIC2.jpg\" class=\"broken_link\"><img loading=\"lazy\" class=\"alignleft size-medium wp-image-387\" title=\"Festival Musical\" src=\"http:\/\/etecia.com.br\/portaletecia\/wp-content\/uploads\/2012\/09\/FESTIVALMUSIC2-300x226.jpg\" alt=\"\" width=\"300\" height=\"226\" \/><\/a>A turma do 2\u00ba F de Contabilidade est\u00e1 desenvolvendo um projeto voluntariado, proposto pela professora Aloma de \u00c9tica e Cidadania Organizacional.<\/p>\n<p>O grupo escolheu o orfanato Lar do Caminho para desenvolver o projeto,\u00a0 e para arrecadar fundos promovem uma feira beneficente na Institui\u00e7\u00e3o de ensino Etec Irm\u00e3 Agostina que ser\u00e1 no dia 29 de setembro das 12:00 horas \u00e0s 19:00 horas.<\/p>\n<p>Est\u00e1 aberta a inscri\u00e7\u00e3o para qualquer banda\/grupo musical que tenha interesse em se apresentar no festival e ser\u00e1 cobrada uma taxa de 10 reais por banda (e os componentes das bandas n\u00e3o pagar\u00e3o entrada).<\/p>\n<p>Teremos tamb\u00e9m um bazar com pe\u00e7as exclusivas, venda de livros e uma SHOWCOLATERIA.<\/p>\n<p>E a entrada ser\u00e1 apenas a doa\u00e7\u00e3o de um quilo de alimento ou produto de higiene.<\/p>\n<p>*OBS: exceto sal, a\u00e7\u00facar e sabonotes ou se preferir 3,00 reais.<\/p>\n","protected":false},"excerpt":{"rendered":"<p>A turma do 2\u00ba F de Contabilidade est\u00e1 desenvolvendo um projeto voluntariado, proposto pela professora Aloma de \u00c9tica e Cidadania Organizacional. O grupo escolheu o orfanato Lar do Caminho para desenvolver o projeto,\u00a0 e para arrecadar fundos promovem uma feira beneficente na Institui\u00e7\u00e3o de ensino Etec Irm\u00e3 Agostina que ser\u00e1 no dia 29 de setembro&nbsp;&hellip;<\/p>\n","protected":false},"author":1,"featured_media":0,"comment_status":"open","ping_status":"open","sticky":false,"template":"","format":"standard","meta":[],"categories":[2],"tags":[],"_links":{"self":[{"href":"https:\/\/etecia.com.br\/index.php?rest_route=\/wp\/v2\/posts\/385"}],"collection":[{"href":"https:\/\/etecia.com.br\/index.php?rest_route=\/wp\/v2\/posts"}],"about":[{"href":"https:\/\/etecia.com.br\/index.php?rest_route=\/wp\/v2\/types\/post"}],"author":[{"embeddable":true,"href":"https:\/\/etecia.com.br\/index.php?rest_route=\/wp\/v2\/users\/1"}],"replies":[{"embeddable":true,"href":"https:\/\/etecia.com.br\/index.php?rest_route=%2Fwp%2Fv2%2Fcomments&post=385"}],"version-history":[{"count":0,"href":"https:\/\/etecia.com.br\/index.php?rest_route=\/wp\/v2\/posts\/385\/revisions"}],"wp:attachment":[{"href":"https:\/\/etecia.com.br\/index.php?rest_route=%2Fwp%2Fv2%2Fmedia&parent=385"}],"wp:term":[{"taxonomy":"category","embeddable":true,"href":"https:\/\/etecia.com.br\/index.php?rest_route=%2Fwp%2Fv2%2Fcategories&post=385"},{"taxonomy":"post_tag","embeddable":true,"href":"https:\/\/etecia.com.br\/index.php?rest_route=%2Fwp%2Fv2%2Ftags&post=385"}],"curies":[{"name":"wp","href":"https:\/\/api.w.org\/{rel}","templated":true}]}}