{"id":3682,"date":"2020-01-16T11:52:29","date_gmt":"2020-01-16T14:52:29","guid":{"rendered":"https:\/\/etecirmaagostina.com.br\/?p=3682"},"modified":"2020-01-24T19:00:05","modified_gmt":"2020-01-24T22:00:05","slug":"lista-dos-aprovados-no-vestibulinho-2020","status":"publish","type":"post","link":"https:\/\/etecia.com.br\/?p=3682","title":{"rendered":"Lista dos Aprovados no Vestibulinho 2020"},"content":{"rendered":"<div class=\"gridContainer\">\n<p>Foi divulgada a lista de classifica\u00e7\u00e3o do vestibulinho para o primeiro semestre de 2020 para os cursos t\u00e9cnicos noturno e ensino m\u00e9dio integrado ao t\u00e9cnico, tando da sede como da Extens\u00e3o CEU Vila Rubi<\/p>\n<\/div>\n\n<div class=\"gridContainer\">\n<p><strong>Orienta\u00e7\u00f5es sobre a matr\u00edcula<\/strong><\/p>\n<\/div>\n\n<div class=\"gridContainer\">\n<p><strong>Hor\u00e1rio:<\/strong>\u00a0as matr\u00edculas devem ser realizadas de segunda a sexta das\u00a0<strong>14:00\u00a0\u00e0s 18:00<\/strong>\u00a0na secretaria acad\u00eamica da ETEC Irm\u00e3 Agostina (Rua Feliciano Correia, s\/n Cidade Dutra).<\/p>\n<\/div>\n\n<div class=\"gridContainer\">\n<p><strong>Aprovados:<\/strong>\u00a0S\u00e3o considerados aprovados os alunos melhores classificados de acordo com a quantidade de vagas no curso. Para verificar se voc\u00ea est\u00e1 aprovado, verifique se seu nome aparece na lista no link abaixo. Voc\u00ea pode ainda ser convocado para as pr\u00f3ximas chamadas de acordo com cronograma a seguir:<\/p>\n<\/div>\n\n<div class=\"gridContainer\">\n<ul><li>20\/01: primeira chamada <\/li><li>23\/01: segunda chamada<\/li><\/ul>\n<\/div>\n\n<div class=\"gridContainer\">\n<p>As listas estar\u00e3o dispon\u00edveis nesse site e nos murais da ETEC Irm\u00e3 Agostina<\/p>\n<\/div>\n\n<div class=\"gridContainer\">\n<p><strong>Documentos:&nbsp;<\/strong>para efetivar a matr\u00edcula o aluno deve apresentar os seguintes documentos:<\/p>\n<\/div>\n\n<div class=\"gridContainer\">\n<ul><li>C\u00f3pia e original de documento de identidade (RG)<\/li><li>C\u00f3pia e original do CPF<\/li><li>C\u00f3pia e Original da Certid\u00e3o de Nascimento ou Casamento<\/li><li>1 foto 3&#215;4 recente<\/li><li>Se o candidato declarou ter estudado em escola p\u00fablica deve apresentar documento que comprove essa informa\u00e7\u00e3o (hist\u00f3rico escolar ou declara\u00e7\u00e3o)<\/li><li>Para ingressantes do Ensino M\u00e9dio Integrado, comprovante de conclus\u00e3o do ensino fundamental (hist\u00f3rico ou declara\u00e7\u00e3o)<\/li><li>Para ingressantes do Curso T\u00e9cnico, comprovante de conclus\u00e3o do ensino m\u00e9dio ou declara\u00e7\u00e3o de matr\u00edcula no 2o ou 3o ano do ensino m\u00e9dio.<\/li><\/ul>\n<\/div>\n\n<div class=\"gridContainer\">\n<p><strong>Observa\u00e7\u00f5es:<\/strong><\/p>\n<\/div>\n\n<div class=\"gridContainer\">\n<p>Se impossibilitado de comparecer para realizar a matr\u00edcula, o candidato&nbsp;poder\u00e1 indicar um representante, portando uma procura\u00e7\u00e3o simples, juntamente com os documentos exigidos. Nesse caso, a Etec Irm\u00e3 Agostina n\u00e3o se responsabilizar\u00e1, todavia, por eventuais erros cometidos no preenchimento do requerimento de matr\u00edcula.<\/p>\n<\/div>\n\n<div class=\"gridContainer\">\n<p><strong>N\u00e3o haver\u00e1, em hip\u00f3tese alguma, matr\u00edcula condicional<\/strong>, conforme o Regimento Comum das Escolas T\u00e9cnicas do Centro Estadual de Educa\u00e7\u00e3o Tecnol\u00f3gica \u201cPaula Souza\u201d. N\u00e3o ser\u00e3o aceitas matr\u00edculas com falta de documentos.<\/p>\n<\/div>\n\n<div class=\"gridContainer\">\n<p>Recomenda-se a leitura da portaria CEETEPS com todas as informa\u00e7\u00f5es do processo do Vestibulinho, dispon\u00edvel no site vestibulinhoetec.com.br<\/p>\n<\/div>\n\n<div class=\"gridContainer\">\n<hr class=\"wp-block-separator\"\/>\n<\/div>\n\n<div class=\"gridContainer\">\n<h2>Lista de Convoca\u00e7\u00e3o Segunda Chamada<\/h2>\n<\/div>\n\n<div class=\"gridContainer\">\n<div class=\"wp-block-columns\"><div class=\"gridContainer\">\n<div class=\"wp-block-column\"><div class=\"gridContainer\">\n<div class=\"wp-block-buttons\"><div class=\"gridContainer\">\n<div class=\"wp-block-button\"><a class=\"wp-block-button__link has-background has-midnight-gradient-background broken_link\" href=\"http:\/\/etecia.com.br\/wp-content\/uploads\/2020\/01\/Lista-2a-Chamada-ETIM-Adm.pdf\" title=\"http:\/\/etecia.com.br\/wp-content\/uploads\/2020\/01\/Lista-2a-Chamada-ETIM-Adm.pdf\" style=\"border-radius:10px\" target=\"_blank\" rel=\"noreferrer noopener\">Ensino M\u00e9dio &#8211; Administra\u00e7\u00e3o<\/a><\/div>\n<\/div>\n\n<div class=\"gridContainer\">\n<div class=\"wp-block-button\"><a class=\"wp-block-button__link has-background has-luminous-dusk-gradient-background broken_link\" href=\"http:\/\/etecia.com.br\/wp-content\/uploads\/2020\/01\/Lista-2a-Chamada-Ds.pdf\" title=\"http:\/\/etecia.com.br\/wp-content\/uploads\/2020\/01\/Lista-2a-Chamada-Ds.pdf\" style=\"border-radius:10px\" target=\"_blank\" rel=\"noreferrer noopener\">T\u00e9cnico em Des. Sistemas<\/a><\/div>\n<\/div>\n\n<div class=\"gridContainer\">\n<div class=\"wp-block-button\"><a class=\"wp-block-button__link has-background has-luminous-dusk-gradient-background broken_link\" href=\"http:\/\/etecia.com.br\/wp-content\/uploads\/2020\/01\/Lista-2a-Chamada-Adm-Sede.pdf\" title=\"http:\/\/etecia.com.br\/wp-content\/uploads\/2020\/01\/Lista-2a-Chamada-Adm-Sede.pdf\" style=\"border-radius:10px\" target=\"_blank\" rel=\"noreferrer noopener\">T\u00e9cnico em Administra\u00e7\u00e3o (sede)<\/a><\/div>\n<\/div><\/div>\n<\/div><\/div>\n<\/div>\n\n<div class=\"gridContainer\">\n<div class=\"wp-block-column\"><div class=\"gridContainer\">\n<div class=\"wp-block-buttons\"><div class=\"gridContainer\">\n<div class=\"wp-block-button\"><a class=\"wp-block-button__link has-background has-midnight-gradient-background broken_link\" href=\"http:\/\/etecia.com.br\/wp-content\/uploads\/2020\/01\/Lista-2a-Chamada-ETIM-Nutri.pdf\" title=\"http:\/\/etecia.com.br\/wp-content\/uploads\/2020\/01\/Lista-2a-Chamada-ETIM-Nutri.pdf\" style=\"border-radius:10px\" target=\"_blank\" rel=\"noreferrer noopener\">Ensino M\u00e9dio &#8211; Nutri\u00e7\u00e3o<\/a><\/div>\n<\/div>\n\n<div class=\"gridContainer\">\n<div class=\"wp-block-button\"><a class=\"wp-block-button__link has-background has-luminous-dusk-gradient-background broken_link\" href=\"http:\/\/etecia.com.br\/wp-content\/uploads\/2020\/01\/Lista-2a-Chamada-Nutri.pdf\" title=\"http:\/\/etecia.com.br\/wp-content\/uploads\/2020\/01\/Lista-2a-Chamada-Nutri.pdf\" style=\"border-radius:10px\" target=\"_blank\" rel=\"noreferrer noopener\">T\u00e9cnico em Nutri\u00e7\u00e3o e Diet\u00e9tica<\/a><\/div>\n<\/div>\n\n<div class=\"gridContainer\">\n<div class=\"wp-block-button\"><a class=\"wp-block-button__link has-background has-luminous-vivid-orange-to-vivid-red-gradient-background broken_link\" href=\"http:\/\/etecia.com.br\/wp-content\/uploads\/2020\/01\/Lista-2a-Chamada-Adm-Vila-Rubi.pdf\" title=\"http:\/\/etecia.com.br\/wp-content\/uploads\/2020\/01\/Lista-2a-Chamada-Adm-Vila-Rubi.pdf\" style=\"border-radius:10px\" target=\"_blank\" rel=\"noreferrer noopener\">T\u00e9c. em Administra\u00e7\u00e3o (Vila Rubi)<\/a><\/div>\n<\/div><\/div>\n<\/div><\/div>\n<\/div>\n\n<div class=\"gridContainer\">\n<div class=\"wp-block-column\"><div class=\"gridContainer\">\n<div class=\"wp-block-buttons\"><div class=\"gridContainer\">\n<div class=\"wp-block-button\"><a class=\"wp-block-button__link has-background has-midnight-gradient-background broken_link\" href=\"http:\/\/etecia.com.br\/wp-content\/uploads\/2020\/01\/Lista-2a-Chamada-ETIM-Quimica.pdf\" title=\"http:\/\/etecia.com.br\/wp-content\/uploads\/2020\/01\/Lista-2a-Chamada-ETIM-Quimica.pdf\" style=\"border-radius:10px\" target=\"_blank\" rel=\"noreferrer noopener\">Ensino M\u00e9dio &#8211; Qu\u00edmica<\/a><\/div>\n<\/div>\n\n<div class=\"gridContainer\">\n<div class=\"wp-block-button\"><a class=\"wp-block-button__link has-background has-luminous-dusk-gradient-background broken_link\" href=\"http:\/\/etecia.com.br\/wp-content\/uploads\/2020\/01\/Lista-2a-Chamada-Qui.pdf\" title=\"http:\/\/etecia.com.br\/wp-content\/uploads\/2020\/01\/Lista-2a-Chamada-Qui.pdf\" style=\"border-radius:10px\" target=\"_blank\" rel=\"noreferrer noopener\">T\u00e9cnico em Qu\u00edmica<\/a><\/div>\n<\/div>\n\n<div class=\"gridContainer\">\n<div class=\"wp-block-button\"><a class=\"wp-block-button__link has-background has-luminous-vivid-orange-to-vivid-red-gradient-background broken_link\" href=\"http:\/\/etecia.com.br\/wp-content\/uploads\/2020\/01\/Lista-2a-Chamada-Sec.pdf\" title=\"http:\/\/etecia.com.br\/wp-content\/uploads\/2020\/01\/Lista-2a-Chamada-Sec.pdf\" style=\"border-radius:10px\" target=\"_blank\" rel=\"noreferrer noopener\">T\u00e9cnico em Secretariado<\/a><\/div>\n<\/div><\/div>\n<\/div><\/div>\n<\/div><\/div>\n<\/div>\n\n<div class=\"gridContainer\">\n<p>Para consultar a lista de convocados na primeira chamada <a rel=\"noreferrer noopener\" label=\"clique aqui. (abre em uma nova aba)\" href=\"http:\/\/etecia.com.br\/wp-content\/uploads\/2020\/01\/lista_convocacao_1a_chamada.pdf\" target=\"_blank\" class=\"broken_link\">clique aqui.<\/a><\/p>\n<\/div>","protected":false},"excerpt":{"rendered":"<p>Foi divulgada a lista de classifica\u00e7\u00e3o do vestibulinho para o primeiro semestre de 2020 para os cursos t\u00e9cnicos noturno e ensino m\u00e9dio integrado ao t\u00e9cnico, tando da sede como da Extens\u00e3o CEU Vila Rubi. Clique em &#8220;Leia Mais&#8221; para ver as listas e informa\u00e7\u00f5es sobre matr\u00edcula.<\/p>\n","protected":false},"author":1,"featured_media":3707,"comment_status":"open","ping_status":"open","sticky":false,"template":"","format":"standard","meta":[],"categories":[2],"tags":[21,19,20,18],"_links":{"self":[{"href":"https:\/\/etecia.com.br\/index.php?rest_route=\/wp\/v2\/posts\/3682"}],"collection":[{"href":"https:\/\/etecia.com.br\/index.php?rest_route=\/wp\/v2\/posts"}],"about":[{"href":"https:\/\/etecia.com.br\/index.php?rest_route=\/wp\/v2\/types\/post"}],"author":[{"embeddable":true,"href":"https:\/\/etecia.com.br\/index.php?rest_route=\/wp\/v2\/users\/1"}],"replies":[{"embeddable":true,"href":"https:\/\/etecia.com.br\/index.php?rest_route=%2Fwp%2Fv2%2Fcomments&post=3682"}],"version-history":[{"count":19,"href":"https:\/\/etecia.com.br\/index.php?rest_route=\/wp\/v2\/posts\/3682\/revisions"}],"predecessor-version":[{"id":3763,"href":"https:\/\/etecia.com.br\/index.php?rest_route=\/wp\/v2\/posts\/3682\/revisions\/3763"}],"wp:featuredmedia":[{"embeddable":true,"href":"https:\/\/etecia.com.br\/index.php?rest_route=\/wp\/v2\/media\/3707"}],"wp:attachment":[{"href":"https:\/\/etecia.com.br\/index.php?rest_route=%2Fwp%2Fv2%2Fmedia&parent=3682"}],"wp:term":[{"taxonomy":"category","embeddable":true,"href":"https:\/\/etecia.com.br\/index.php?rest_route=%2Fwp%2Fv2%2Fcategories&post=3682"},{"taxonomy":"post_tag","embeddable":true,"href":"https:\/\/etecia.com.br\/index.php?rest_route=%2Fwp%2Fv2%2Ftags&post=3682"}],"curies":[{"name":"wp","href":"https:\/\/api.w.org\/{rel}","templated":true}]}}