{"id":3455,"date":"2019-12-26T12:11:46","date_gmt":"2019-12-26T15:11:46","guid":{"rendered":"https:\/\/etecirmaagostina.com.br\/?p=3455"},"modified":"2020-01-07T17:37:28","modified_gmt":"2020-01-07T19:37:28","slug":"etecia-tem-dois-trabalhos-na-fase-final-da-febrace-2020","status":"publish","type":"post","link":"https:\/\/etecia.com.br\/?p=3455","title":{"rendered":"ETECIA tem dois trabalhos na fase final da Febrace 2020"},"content":{"rendered":"<div class=\"gridContainer\">\n<p>A Febrace &#8211; Feira Brasileira de Ci\u00eancias e Engenharia recebe trabalhos de todo Brasil realizados por alunos do ensino m\u00e9dio.<\/p>\n<\/div>\n\n<div class=\"gridContainer\">\n<figure class=\"wp-block-image\"><img loading=\"lazy\" width=\"679\" height=\"675\" src=\"http:\/\/etecia.com.br\/wp-content\/uploads\/2019\/12\/febrace.jpeg\" alt=\"\" class=\"wp-image-3456\" srcset=\"https:\/\/etecia.com.br\/wp-content\/uploads\/2019\/12\/febrace.jpeg 679w, https:\/\/etecia.com.br\/wp-content\/uploads\/2019\/12\/febrace-150x150.jpeg 150w, https:\/\/etecia.com.br\/wp-content\/uploads\/2019\/12\/febrace-300x298.jpeg 300w, https:\/\/etecia.com.br\/wp-content\/uploads\/2019\/12\/febrace-250x250.jpeg 250w, https:\/\/etecia.com.br\/wp-content\/uploads\/2019\/12\/febrace-48x48.jpeg 48w\" sizes=\"(max-width: 679px) 100vw, 679px\" \/><\/figure>\n<\/div>\n\n<div class=\"gridContainer\">\n<p>No pr\u00f3ximo ano, a ETEC Irm\u00e3 Agostina ser\u00e1 representada por dois trabalhos do curso de qu\u00edmica, sendo um do Ensino M\u00e9dio Integrado e um do curso t\u00e9cnico modular.<\/p>\n<\/div>\n\n<div class=\"gridContainer\">\n<p>A apresenta\u00e7\u00e3o dos trabalhos acontecer\u00e1 nos dias &nbsp;17, 18 e 19 de mar\u00e7o de 2020, no campus da Universidade de S\u00e3o Paulo USP.<\/p>\n<\/div>\n\n<div class=\"gridContainer\">\n<figure class=\"wp-block-image\"><img loading=\"lazy\" width=\"913\" height=\"917\" src=\"http:\/\/etecia.com.br\/wp-content\/uploads\/2019\/12\/febrace2.jpeg\" alt=\"\" class=\"wp-image-3457\" srcset=\"https:\/\/etecia.com.br\/wp-content\/uploads\/2019\/12\/febrace2.jpeg 913w, https:\/\/etecia.com.br\/wp-content\/uploads\/2019\/12\/febrace2-150x150.jpeg 150w, https:\/\/etecia.com.br\/wp-content\/uploads\/2019\/12\/febrace2-300x300.jpeg 300w, https:\/\/etecia.com.br\/wp-content\/uploads\/2019\/12\/febrace2-768x771.jpeg 768w, https:\/\/etecia.com.br\/wp-content\/uploads\/2019\/12\/febrace2-250x250.jpeg 250w, https:\/\/etecia.com.br\/wp-content\/uploads\/2019\/12\/febrace2-48x48.jpeg 48w\" sizes=\"(max-width: 913px) 100vw, 913px\" \/><\/figure>\n<\/div>\n\n<div class=\"gridContainer\">\n<p>Parab\u00e9ns aos alunos finalistas e aos professores orientadores.<\/p>\n<\/div>\n\n<div class=\"gridContainer\">\n<ul><li>Desenvolvimento de uma telha fotovoltaica feita a partir de fibra de coco verde e polipropileno.  Melissa Komatsu, Ana Costa, Igor Lima, Danieli de Freitas (orientadora) <\/li><li> S\u00edntese de micropart\u00edculas do comp\u00f3sito argila hematita-magnetita para remo\u00e7\u00e3o de \u00edons fosfato de efluentes. Ingrid Souza, Lucas Nunes, Matheus das Neves, Klauss Engelmann (orientador), Fabio de Aguiar (coorientador) <\/li><\/ul>\n<\/div>","protected":false},"excerpt":{"rendered":"<p>A Febrace &#8211; Feira Brasileira de Ci\u00eancias e Engenharia recebe trabalhos de todo Brasil realizados por alunos do ensino m\u00e9dio. No pr\u00f3ximo ano, a ETEC Irm\u00e3 Agostina ser\u00e1 representada por dois trabalhos do curso de qu\u00edmica, sendo um do Ensino M\u00e9dio Integrado e um do curso t\u00e9cnico modular. A apresenta\u00e7\u00e3o dos trabalhos acontecer\u00e1 nos dias&nbsp;&hellip;<\/p>\n","protected":false},"author":1,"featured_media":3456,"comment_status":"open","ping_status":"open","sticky":false,"template":"","format":"standard","meta":[],"categories":[2],"tags":[],"_links":{"self":[{"href":"https:\/\/etecia.com.br\/index.php?rest_route=\/wp\/v2\/posts\/3455"}],"collection":[{"href":"https:\/\/etecia.com.br\/index.php?rest_route=\/wp\/v2\/posts"}],"about":[{"href":"https:\/\/etecia.com.br\/index.php?rest_route=\/wp\/v2\/types\/post"}],"author":[{"embeddable":true,"href":"https:\/\/etecia.com.br\/index.php?rest_route=\/wp\/v2\/users\/1"}],"replies":[{"embeddable":true,"href":"https:\/\/etecia.com.br\/index.php?rest_route=%2Fwp%2Fv2%2Fcomments&post=3455"}],"version-history":[{"count":2,"href":"https:\/\/etecia.com.br\/index.php?rest_route=\/wp\/v2\/posts\/3455\/revisions"}],"predecessor-version":[{"id":3565,"href":"https:\/\/etecia.com.br\/index.php?rest_route=\/wp\/v2\/posts\/3455\/revisions\/3565"}],"wp:featuredmedia":[{"embeddable":true,"href":"https:\/\/etecia.com.br\/index.php?rest_route=\/wp\/v2\/media\/3456"}],"wp:attachment":[{"href":"https:\/\/etecia.com.br\/index.php?rest_route=%2Fwp%2Fv2%2Fmedia&parent=3455"}],"wp:term":[{"taxonomy":"category","embeddable":true,"href":"https:\/\/etecia.com.br\/index.php?rest_route=%2Fwp%2Fv2%2Fcategories&post=3455"},{"taxonomy":"post_tag","embeddable":true,"href":"https:\/\/etecia.com.br\/index.php?rest_route=%2Fwp%2Fv2%2Ftags&post=3455"}],"curies":[{"name":"wp","href":"https:\/\/api.w.org\/{rel}","templated":true}]}}