{"id":3452,"date":"2019-11-22T19:26:19","date_gmt":"2019-11-22T22:26:19","guid":{"rendered":"https:\/\/etecirmaagostina.com.br\/?p=3452"},"modified":"2019-11-22T19:26:19","modified_gmt":"2019-11-22T22:26:19","slug":"resultado-do-concurso-238-01-2019","status":"publish","type":"post","link":"https:\/\/etecia.com.br\/?p=3452","title":{"rendered":"Resultado do Concurso 238\/01\/2019"},"content":{"rendered":"<div class=\"gridContainer\">\n<p>CONCURSO P\u00daBLICO PARA PROFESSOR DE ENSINO M\u00c9DIO E T\u00c9CNICO N\u00ba 238\/01\/2019 \u2013 PROCESSO N\u00ba 2513808\/2019<\/p>\n<\/div>\n\n<div class=\"gridContainer\">\n<p>AUTORIZA\u00c7\u00c3O GOVERNAMENTAL:<\/p>\n<\/div>\n\n<div class=\"gridContainer\">\n<p>DESPACHO PUBLICADO NO DOE DE 28\/09\/2018, PROCESSO CEETEPS N\u00ba 818\/2018<\/p>\n<\/div>\n\n<div class=\"gridContainer\">\n<p>EDITAL DE RESULTADO DA PROVA DE M\u00c9TODOS PEDAG\u00d3GICOS, PROVA DE T\u00cdTULOS E CLASSIFICA\u00c7\u00c3O FINAL<\/p>\n<\/div>\n\n<div class=\"gridContainer\">\n<p>A Comiss\u00e3o Especial de Concurso P\u00fablico da ETEC IRM\u00c3 AGOSTINA comunica aos candidatos abaixo relacionados o resultado da Prova de M\u00e9todos Pedag\u00f3gicos, Prova de T\u00edtulos e a Classifica\u00e7\u00e3o Final.<\/p>\n<\/div>\n\n<div class=\"gridContainer\">\n<p>1. COMPONENTE CURRICULAR (HABILITA\u00c7\u00c3O): DIAGN\u00d3STICO DA ALIMENTA\u00c7\u00c3O HUMANA<\/p>\n<\/div>\n\n<div class=\"gridContainer\">\n<p>CANDIDATO(S) APROVADO(S):<\/p>\n<\/div>\n\n<div class=\"gridContainer\">\n<p>N\u00ba de Inscri\u00e7\u00e3o \/ Nome ou Nome Social \/ RG \/ CPF \/ Nota da Prova Escrita \/ Nota da Prova de M\u00e9todos Pedag\u00f3gicos \/ Nota da Prova de T\u00edtulos \/ Nota Final \/ Classifica\u00e7\u00e3o Final<\/p>\n<\/div>\n\n<div class=\"gridContainer\">\n<p>&#8211; Graduado<\/p>\n<\/div>\n\n<div class=\"gridContainer\">\n<p>06\/Gabriela de Lima Santiago\/RG.4983014\/CPF031.150.441.-86\/ 60,90 \/97,00\/<\/p>\n<\/div>\n\n<div class=\"gridContainer\">\n<p>10,00\/88,95 \/ 1\u00ba<\/p>\n<\/div>\n\n<div class=\"gridContainer\">\n<p>15\/Ana Carolina Lavio Rocha\/RG 39.698.970-6\/CPF:419.103.358-19\/60,90\/69,00\/<\/p>\n<\/div>\n\n<div class=\"gridContainer\">\n<p>5,00\/69,95 \/ 2\u00ba<\/p>\n<\/div>\n\n<div class=\"gridContainer\">\n<p>02\/Ana Paula Nehara\/RG.38.564.554-5\/CPF:425.904.048-08\/58,00\/60,00\/59,00\/ 3\u00ba<\/p>\n<\/div>\n\n<div class=\"gridContainer\">\n<p>CANDIDATO(S) N\u00c3O APROVADO(S):<\/p>\n<\/div>\n\n<div class=\"gridContainer\">\n<p>N\u00ba de Inscri\u00e7\u00e3o \/ RG \/ CPF \/ Nota da Prova de M\u00e9todos Pedag\u00f3gicos<\/p>\n<\/div>\n\n<div class=\"gridContainer\">\n<p>09\/RG.27.189.163-4\/CPF:267.346.548-00\/33,67<\/p>\n<\/div>\n\n<div class=\"gridContainer\">\n<p>07\/RG.21.974.322-8\/CPF.156.949.778-82\/19,00<\/p>\n<\/div>\n\n<div class=\"gridContainer\">\n<p>S\u00c3O PAULO, 19 \/11\/2019<\/p>\n<\/div>","protected":false},"excerpt":{"rendered":"<p>CONCURSO P\u00daBLICO PARA PROFESSOR DE ENSINO M\u00c9DIO E T\u00c9CNICO N\u00ba 238\/01\/2019 \u2013 PROCESSO N\u00ba 2513808\/2019 AUTORIZA\u00c7\u00c3O GOVERNAMENTAL: DESPACHO PUBLICADO NO DOE DE 28\/09\/2018, PROCESSO CEETEPS N\u00ba 818\/2018 EDITAL DE RESULTADO DA PROVA DE M\u00c9TODOS PEDAG\u00d3GICOS, PROVA DE T\u00cdTULOS E CLASSIFICA\u00c7\u00c3O FINAL A Comiss\u00e3o Especial de Concurso P\u00fablico da ETEC IRM\u00c3 AGOSTINA comunica aos candidatos abaixo&nbsp;&hellip;<\/p>\n","protected":false},"author":1,"featured_media":0,"comment_status":"open","ping_status":"open","sticky":false,"template":"","format":"standard","meta":[],"categories":[8,2],"tags":[],"_links":{"self":[{"href":"https:\/\/etecia.com.br\/index.php?rest_route=\/wp\/v2\/posts\/3452"}],"collection":[{"href":"https:\/\/etecia.com.br\/index.php?rest_route=\/wp\/v2\/posts"}],"about":[{"href":"https:\/\/etecia.com.br\/index.php?rest_route=\/wp\/v2\/types\/post"}],"author":[{"embeddable":true,"href":"https:\/\/etecia.com.br\/index.php?rest_route=\/wp\/v2\/users\/1"}],"replies":[{"embeddable":true,"href":"https:\/\/etecia.com.br\/index.php?rest_route=%2Fwp%2Fv2%2Fcomments&post=3452"}],"version-history":[{"count":1,"href":"https:\/\/etecia.com.br\/index.php?rest_route=\/wp\/v2\/posts\/3452\/revisions"}],"predecessor-version":[{"id":3453,"href":"https:\/\/etecia.com.br\/index.php?rest_route=\/wp\/v2\/posts\/3452\/revisions\/3453"}],"wp:attachment":[{"href":"https:\/\/etecia.com.br\/index.php?rest_route=%2Fwp%2Fv2%2Fmedia&parent=3452"}],"wp:term":[{"taxonomy":"category","embeddable":true,"href":"https:\/\/etecia.com.br\/index.php?rest_route=%2Fwp%2Fv2%2Fcategories&post=3452"},{"taxonomy":"post_tag","embeddable":true,"href":"https:\/\/etecia.com.br\/index.php?rest_route=%2Fwp%2Fv2%2Ftags&post=3452"}],"curies":[{"name":"wp","href":"https:\/\/api.w.org\/{rel}","templated":true}]}}