{"id":3443,"date":"2019-11-19T15:58:20","date_gmt":"2019-11-19T18:58:20","guid":{"rendered":"https:\/\/etecirmaagostina.com.br\/?p=3443"},"modified":"2019-11-19T15:58:20","modified_gmt":"2019-11-19T18:58:20","slug":"inscricoes-para-orientador-educacional","status":"publish","type":"post","link":"https:\/\/etecia.com.br\/?p=3443","title":{"rendered":"Inscri\u00e7\u00f5es para Orientador Educacional"},"content":{"rendered":"<div class=\"gridContainer\">\n<p>Edital n\u00ba 02\/238\/2019 O Diretor da Escola T\u00e9cnica Estadual Irm\u00e3 Agostina, da cidade de S\u00e3o Paulo, com fundamentos na Delibera\u00e7\u00e3o CEETEPS n\u00ba 18, de 16\/07\/2015, faz saber que se encontram abertas as inscri\u00e7\u00f5es ao Processo Seletivo para a indica\u00e7\u00e3o de professores Coordenadores de Projetos Respons\u00e1veis pela Orienta\u00e7\u00e3o e Apoio Educacional das Escolas T\u00e9cnicas Estaduais. <\/p>\n<\/div>\n\n<div class=\"gridContainer\">\n<p>1. As inscri\u00e7\u00f5es ser\u00e3o recebidas no per\u00edodo de 21\/11\/2019 at\u00e9 28\/11\/2019, no hor\u00e1rio das 10h \u00e0s 20h, na ETEC Irm\u00e3 Agostina, situada Av. Feliciano Correia, s\/n \u2013 Jardim Sat\u00e9lite \u2013 S\u00e3o Paulo, telefone (11) 5667-3971, site www.etecia.com.br <\/p>\n<\/div>\n\n<div class=\"gridContainer\">\n<p>2. O candidato dever\u00e1 encaminhar para o email da dire\u00e7\u00e3o e238dir@cps.sp.gov.br a sua proposta de Projeto para o ano de 2020, conforme Anexo I, observando as orienta\u00e7\u00f5es contidas no Anexo II, ambos pertencentes a este edital, at\u00e9 o \u00faltimo dia de inscri\u00e7\u00e3o. <\/p>\n<\/div>\n\n<div class=\"gridContainer\">\n<p>3. A entrevista com os candidatos ocorrer\u00e1 no dia 02\/12\/2019 a partir das 10h. <\/p>\n<\/div>\n\n<div class=\"gridContainer\">\n<p>4. Na ETEC Irm\u00e3 Agostina o Coordenador de Projetos Respons\u00e1veis pela Orienta\u00e7\u00e3o e Apoio Educacional contar\u00e1 com HAE\u00b4s na quantidade ainda a ser informada pela CETEC, remuneradas na sua categoria, acrescida de gratifica\u00e7\u00e3o prevista no artigo 30 da Lei n\u00ba 1.044, de 13\/05\/2008, alterada pelo artigo 1\u00ba da Lei Complementar 1.240, de 22\/047\/2014, na forma disciplinada pela Delibera\u00e7\u00e3o CEETEPS-7, de 05\/02\/2009. <\/p>\n<\/div>\n\n<div class=\"gridContainer\">\n<div class=\"wp-block-file\"><a href=\"http:\/\/etecia.com.br\/wp-content\/uploads\/2019\/11\/Anexo-I-Modelo-de-Projeto-2020-OE.doc\" class=\"broken_link\">Anexo I &#8211; Modelo de Projeto 2020 &#8211; OE<\/a><a href=\"http:\/\/etecia.com.br\/wp-content\/uploads\/2019\/11\/Anexo-I-Modelo-de-Projeto-2020-OE.doc\" class=\"wp-block-file__button broken_link\">Download<\/a><\/div>\n<\/div>\n\n<div class=\"gridContainer\">\n<div class=\"wp-block-file\"><a href=\"http:\/\/etecia.com.br\/wp-content\/uploads\/2019\/11\/Anexo-II-Orienta\u00e7\u00f5es-Gerais-OE.pdf\" class=\"broken_link\">Anexo II &#8211;  Orienta\u00e7\u00f5es Gerais &#8211; OE<\/a><a href=\"http:\/\/etecia.com.br\/wp-content\/uploads\/2019\/11\/Anexo-II-Orienta\u00e7\u00f5es-Gerais-OE.pdf\" class=\"wp-block-file__button broken_link\">Download<\/a><\/div>\n<\/div>\n\n<div class=\"gridContainer\">\n<div class=\"wp-block-file\"><a href=\"http:\/\/etecia.com.br\/wp-content\/uploads\/2019\/11\/Edital-de-Abertura-Processo-OE.pdf\" class=\"broken_link\">Edital de Abertura Processo &#8211; OE<\/a><a href=\"http:\/\/etecia.com.br\/wp-content\/uploads\/2019\/11\/Edital-de-Abertura-Processo-OE.pdf\" class=\"wp-block-file__button broken_link\">Download<\/a><\/div>\n<\/div>","protected":false},"excerpt":{"rendered":"<p>Edital n\u00ba 02\/238\/2019 O Diretor da Escola T\u00e9cnica Estadual Irm\u00e3 Agostina, da cidade de S\u00e3o Paulo, com fundamentos na Delibera\u00e7\u00e3o CEETEPS n\u00ba 18, de 16\/07\/2015, faz saber que se encontram abertas as inscri\u00e7\u00f5es ao Processo Seletivo para a indica\u00e7\u00e3o de professores Coordenadores de Projetos Respons\u00e1veis pela Orienta\u00e7\u00e3o e Apoio Educacional das Escolas T\u00e9cnicas Estaduais. 1.&nbsp;&hellip;<\/p>\n","protected":false},"author":1,"featured_media":0,"comment_status":"open","ping_status":"open","sticky":false,"template":"","format":"standard","meta":[],"categories":[2],"tags":[],"_links":{"self":[{"href":"https:\/\/etecia.com.br\/index.php?rest_route=\/wp\/v2\/posts\/3443"}],"collection":[{"href":"https:\/\/etecia.com.br\/index.php?rest_route=\/wp\/v2\/posts"}],"about":[{"href":"https:\/\/etecia.com.br\/index.php?rest_route=\/wp\/v2\/types\/post"}],"author":[{"embeddable":true,"href":"https:\/\/etecia.com.br\/index.php?rest_route=\/wp\/v2\/users\/1"}],"replies":[{"embeddable":true,"href":"https:\/\/etecia.com.br\/index.php?rest_route=%2Fwp%2Fv2%2Fcomments&post=3443"}],"version-history":[{"count":1,"href":"https:\/\/etecia.com.br\/index.php?rest_route=\/wp\/v2\/posts\/3443\/revisions"}],"predecessor-version":[{"id":3447,"href":"https:\/\/etecia.com.br\/index.php?rest_route=\/wp\/v2\/posts\/3443\/revisions\/3447"}],"wp:attachment":[{"href":"https:\/\/etecia.com.br\/index.php?rest_route=%2Fwp%2Fv2%2Fmedia&parent=3443"}],"wp:term":[{"taxonomy":"category","embeddable":true,"href":"https:\/\/etecia.com.br\/index.php?rest_route=%2Fwp%2Fv2%2Fcategories&post=3443"},{"taxonomy":"post_tag","embeddable":true,"href":"https:\/\/etecia.com.br\/index.php?rest_route=%2Fwp%2Fv2%2Ftags&post=3443"}],"curies":[{"name":"wp","href":"https:\/\/api.w.org\/{rel}","templated":true}]}}