{"id":3436,"date":"2019-11-16T08:55:11","date_gmt":"2019-11-16T11:55:11","guid":{"rendered":"https:\/\/etecirmaagostina.com.br\/?p=3436"},"modified":"2019-11-16T08:56:00","modified_gmt":"2019-11-16T11:56:00","slug":"equipe-da-etec-irma-agostina-conquista-2-lugar-no-sedcitec-jr","status":"publish","type":"post","link":"https:\/\/etecia.com.br\/?p=3436","title":{"rendered":"Equipe da ETEC Irm\u00e3 Agostina conquista 2\u00b0 lugar no SEDCITEC Jr."},"content":{"rendered":"<div class=\"gridContainer\">\n<figure class=\"wp-block-image\"><img loading=\"lazy\" width=\"1024\" height=\"768\" src=\"http:\/\/etecia.com.br\/wp-content\/uploads\/2019\/11\/WhatsApp-Image-2019-11-13-at-17.54.07-1024x768.jpeg\" alt=\"\" class=\"wp-image-3437\" srcset=\"https:\/\/etecia.com.br\/wp-content\/uploads\/2019\/11\/WhatsApp-Image-2019-11-13-at-17.54.07-1024x768.jpeg 1024w, https:\/\/etecia.com.br\/wp-content\/uploads\/2019\/11\/WhatsApp-Image-2019-11-13-at-17.54.07-300x225.jpeg 300w, https:\/\/etecia.com.br\/wp-content\/uploads\/2019\/11\/WhatsApp-Image-2019-11-13-at-17.54.07-768x576.jpeg 768w, https:\/\/etecia.com.br\/wp-content\/uploads\/2019\/11\/WhatsApp-Image-2019-11-13-at-17.54.07-250x188.jpeg 250w, https:\/\/etecia.com.br\/wp-content\/uploads\/2019\/11\/WhatsApp-Image-2019-11-13-at-17.54.07.jpeg 1280w\" sizes=\"(max-width: 1024px) 100vw, 1024px\" \/><\/figure>\n<\/div>\n\n<div class=\"gridContainer\">\n<p>Aconteceu nos dias 11 e 12 de novembro de 2019 a 3\u00b0 edi\u00e7\u00e3o da Semana de Educa\u00e7\u00e3o, Ci\u00eancia e Tecnologia Junior (SEDCITEC Jr) no Instituto Federal de S\u00e3o Paulo (IFSP) \u2013 Campus S\u00e3o Paulo. O evento acontece anualmente com tr\u00eas categorias: Ensino Fundamental I (6\u00b0 e 7\u00b0 ano), Ensino Fundamental II (8\u00b0 e 9\u00b0 ano) e Ensino M\u00e9dio e T\u00e9cnico. Nesse ano, a ETEC Irm\u00e3 Agostina participou pela primeira vez do evento com o trabalho de TCC dos alunos do 3\u00b0 ano do ETIM de Qu\u00edmica, Isadora Ferrer do Nascimento, Izabelly Felipe Santos, Lais Andrade, Marcos Vinicius Caetano e Victoria Cavalcante Sousa. O t\u00edtulo do trabalho apresentado foi \u201cDesenvolvimento de microesferas magn\u00e9ticas associadas a quitosana reticulada para recupera\u00e7\u00e3o de \u00edons N\u00edquel de efluentes industriais\u201d sendo orientado pelo prof. Klauss Engelmann e as professoras da disciplina de PDTCC, Aline Ramos e Tha\u00eds Tasciano. O trabalho conquistou o 2\u00b0 lugar na categoria Ensino M\u00e9dio e T\u00e9cnico com nota final de 9,78, m\u00e9dia obtida pela avalia\u00e7\u00e3o de 4 professores avaliadores da SEDCITEC Jr.<\/p>\n<\/div>\n\n<div class=\"gridContainer\">\n<p>Por: Klauss Engelmann<\/p>\n<\/div>","protected":false},"excerpt":{"rendered":"<p>Aconteceu nos dias 11 e 12 de novembro de 2019 a 3\u00b0 edi\u00e7\u00e3o da Semana de Educa\u00e7\u00e3o, Ci\u00eancia e Tecnologia Junior (SEDCITEC Jr) no Instituto Federal de S\u00e3o Paulo (IFSP) \u2013 Campus S\u00e3o Paulo. O evento acontece anualmente com tr\u00eas categorias: Ensino Fundamental I (6\u00b0 e 7\u00b0 ano), Ensino Fundamental II (8\u00b0 e 9\u00b0 ano)&nbsp;&hellip;<\/p>\n","protected":false},"author":1,"featured_media":0,"comment_status":"open","ping_status":"open","sticky":false,"template":"","format":"standard","meta":[],"categories":[2],"tags":[],"_links":{"self":[{"href":"https:\/\/etecia.com.br\/index.php?rest_route=\/wp\/v2\/posts\/3436"}],"collection":[{"href":"https:\/\/etecia.com.br\/index.php?rest_route=\/wp\/v2\/posts"}],"about":[{"href":"https:\/\/etecia.com.br\/index.php?rest_route=\/wp\/v2\/types\/post"}],"author":[{"embeddable":true,"href":"https:\/\/etecia.com.br\/index.php?rest_route=\/wp\/v2\/users\/1"}],"replies":[{"embeddable":true,"href":"https:\/\/etecia.com.br\/index.php?rest_route=%2Fwp%2Fv2%2Fcomments&post=3436"}],"version-history":[{"count":2,"href":"https:\/\/etecia.com.br\/index.php?rest_route=\/wp\/v2\/posts\/3436\/revisions"}],"predecessor-version":[{"id":3439,"href":"https:\/\/etecia.com.br\/index.php?rest_route=\/wp\/v2\/posts\/3436\/revisions\/3439"}],"wp:attachment":[{"href":"https:\/\/etecia.com.br\/index.php?rest_route=%2Fwp%2Fv2%2Fmedia&parent=3436"}],"wp:term":[{"taxonomy":"category","embeddable":true,"href":"https:\/\/etecia.com.br\/index.php?rest_route=%2Fwp%2Fv2%2Fcategories&post=3436"},{"taxonomy":"post_tag","embeddable":true,"href":"https:\/\/etecia.com.br\/index.php?rest_route=%2Fwp%2Fv2%2Ftags&post=3436"}],"curies":[{"name":"wp","href":"https:\/\/api.w.org\/{rel}","templated":true}]}}