{"id":3423,"date":"2019-11-01T19:41:45","date_gmt":"2019-11-01T22:41:45","guid":{"rendered":"https:\/\/etecirmaagostina.com.br\/?p=3423"},"modified":"2019-11-05T16:02:04","modified_gmt":"2019-11-05T19:02:04","slug":"resultado-da-prova-escrita-e-convocacao-para-prova-pratica","status":"publish","type":"post","link":"https:\/\/etecia.com.br\/?p=3423","title":{"rendered":"Resultado da Prova Escrita e Convoca\u00e7\u00e3o para Prova Pr\u00e1tica"},"content":{"rendered":"<div class=\"gridContainer\">\n<p>CONCURSO P\u00daBLICO PARA PROFESSOR DE ENSINO M\u00c9DIO E T\u00c9CNICO N\u00ba238\/01\/2019 \u2013 PROCESSO N\u00ba 2513808\/2019.<\/p>\n<\/div>\n\n<div class=\"gridContainer\">\n<p>AUTORIZA\u00c7\u00c3O GOVERNAMENTAL:<\/p>\n<\/div>\n\n<div class=\"gridContainer\">\n<p>DESPACHO PUBLICADO NO DOE DE 28\/09\/2018, PROCESSO CEETEPS N\u00ba 818\/2018<\/p>\n<\/div>\n\n<div class=\"gridContainer\">\n<p>EDITAL DE RESULTADO DA PROVA ESCRITA E CONVOCA\u00c7\u00c3O PARA A PROVA DE M\u00c9TODOS PEDAG\u00d3GICOS<\/p>\n<\/div>\n\n<div class=\"gridContainer\">\n<p>A Comiss\u00e3o Especial de Concurso P\u00fablico da ETEC IRM\u00c3 AGOSTINA, comunica o resultado da Prova Escrita e convoca os candidatos abaixo relacionados para o sorteio de tema e realiza\u00e7\u00e3o da PROVA DE M\u00c9TODOS PEDAG\u00d3GICOS, a ser realizada na ETEC IRM\u00c3 AGOSTINA, sita na Av. Feliciano Correia, s\/n\u00ba, cidade S\u00e3o Paulo, no dia e hor\u00e1rio abaixo informados.<\/p>\n<\/div>\n\n<div class=\"gridContainer\">\n<p>O candidato dever\u00e1 comparecer ao local designado para a aplica\u00e7\u00e3o da Prova de M\u00e9todos Pedag\u00f3gicos com anteced\u00eancia m\u00ednima de 30 (trinta) minutos, munido de protocolo de inscri\u00e7\u00e3o e do original de um documento de identidade, de acordo com o relacionado no Cap\u00edtulo V do Edital de Abertura de Inscri\u00e7\u00f5es.<\/p>\n<\/div>\n\n<div class=\"gridContainer\">\n<p>O tema para a Prova de M\u00e9todos Pedag\u00f3gicos ser\u00e1 sorteado pela Banca Examinadora, sendo escolhido 1 (um) dentre os 3 (tr\u00eas) temas que constar\u00e3o do presente Edital.<\/p>\n<\/div>\n\n<div class=\"gridContainer\">\n<p>COMPONENTE CURRICULAR (HABILITA\u00c7\u00c3O): DIAGN\u00d3STICO DA ALIMENTA\u00c7\u00c3O HUMANA<\/p>\n<\/div>\n\n<div class=\"gridContainer\">\n<p>CANDIDATO(S) CLASSIFICADO(S):<\/p>\n<\/div>\n\n<div class=\"gridContainer\">\n<p>N\u00ba de Inscri\u00e7\u00e3o \/ Nome ou Nome Social \/ RG \/ CPF \/ Nota da Prova Escrita<\/p>\n<\/div>\n\n<div class=\"gridContainer\">\n<p>06\/Gabriela de Lima Santiago\/RG.4983014\/CPF.031.150.441-86\/60,90\/1\u00ba \/18:00<\/p>\n<\/div>\n\n<div class=\"gridContainer\">\n<p>09\/Selma Ricoboni\/RG.27.189.163-4\/CPF.267.346.548-00\/2\u00ba\/60,90\/18:30 <\/p>\n<\/div>\n\n<div class=\"gridContainer\">\n<p>15\/Ana Carolina Lavio Rocha\/RG.39.698.970-6\/CPF.419.103.358-19 \/3\u00ba\/60,90\/19:00<\/p>\n<\/div>\n\n<div class=\"gridContainer\">\n<p>07\/Aparecida Virginia Siqueira Colombo Justino\/ RG.21.974.322-8\/ CPF.156.949.778-82 \/4\u00ba\/58,00\/19:30<\/p>\n<\/div>\n\n<div class=\"gridContainer\">\n<p>02\/Ana Paula Nehara \/RG.38.564.554-5\/CPF.425.904.048-08\/5\u00ba\/58,00\/20:00<\/p>\n<\/div>\n\n<div class=\"gridContainer\">\n<p>CANDIDATO(S) N\u00c3O CLASSIFICADO(S):<\/p>\n<\/div>\n\n<div class=\"gridContainer\">\n<p>N\u00ba de Inscri\u00e7\u00e3o \/ RG \/ CPF \/ Nota da Prova Escrita<\/p>\n<\/div>\n\n<div class=\"gridContainer\">\n<p>08\/RG.50.689.842-8\/CPF.439.089.558-31\/55,10<\/p>\n<\/div>\n\n<div class=\"gridContainer\">\n<p>13\/ RG.32.946.985-X\/CPF.229.056.108-83\/52,20<\/p>\n<\/div>\n\n<div class=\"gridContainer\">\n<p>01\/RG.48.346.403-X\/CPF.398.713.218-30\/49,30<\/p>\n<\/div>\n\n<div class=\"gridContainer\">\n<p>19\/RG.44.353.845-1\/CPF.332.616.668-03\/49,30<\/p>\n<\/div>\n\n<div class=\"gridContainer\">\n<p>03\/RG.37.113.550-3\/CPF.397.970.138-71\/46,40<\/p>\n<\/div>\n\n<div class=\"gridContainer\">\n<p>12\/RG.36.625.625-7\/CPF.417.974.568-22\/46,40<\/p>\n<\/div>\n\n<div class=\"gridContainer\">\n<p>16\/RG. 46,023.784-6\/CPF.390.341.208-21\/46,40<\/p>\n<\/div>\n\n<div class=\"gridContainer\">\n<p>04\/RG.50.612.433-2\/CPF.006.414.277-94\/43,50<\/p>\n<\/div>\n\n<div class=\"gridContainer\">\n<p>05\/RG.43.263.659-6\/CPF.438.932.318-03\/43,50<\/p>\n<\/div>\n\n<div class=\"gridContainer\">\n<p>11\/RG.47.255.708-7\/CPF.384.456.998-73\/43,50<\/p>\n<\/div>\n\n<div class=\"gridContainer\">\n<p>14\/RG.46.153.621-3\/CPF.362.072.468-70\/43,50<\/p>\n<\/div>\n\n<div class=\"gridContainer\">\n<p>17\/RG.20.760.381-9\/CPF.140.533.178-00\/43,50<\/p>\n<\/div>\n\n<div class=\"gridContainer\">\n<p>10\/RG.59.184.615-9\/CPF. 010,846.421-07\/40,60<\/p>\n<\/div>\n\n<div class=\"gridContainer\">\n<p>18\/RG.41.043.253-2\/CPF.345.171.188-51\/40,60<\/p>\n<\/div>\n\n<div class=\"gridContainer\">\n<p>21\/RG.45.723.356-4\/CPF.383.318.428-04\/37,70<\/p>\n<\/div>\n\n<div class=\"gridContainer\">\n<p>CANDIDATO(S) AUSENTE(S):<\/p>\n<\/div>\n\n<div class=\"gridContainer\">\n<p>N\u00ba de Inscri\u00e7\u00e3o \/ RG \/ CPF<\/p>\n<\/div>\n\n<div class=\"gridContainer\">\n<p>20\/RG.44.478.356-8 \/CPF.378.471.338.65<\/p>\n<\/div>\n\n<div class=\"gridContainer\">\n<p>Rela\u00e7\u00e3o dos 03 (tr\u00eas) temas para a PROVA DE M\u00c9TODOS PEDAG\u00d3GICOS:<\/p>\n<\/div>\n\n<div class=\"gridContainer\">\n<p>1. Digest\u00e3o dos alimentos: anatomia e fisiologia do sistema digest\u00f3rio;<\/p>\n<\/div>\n\n<div class=\"gridContainer\">\n<p>2. Princ\u00edpios da alimenta\u00e7\u00e3o equilibrada: natureza, composi\u00e7\u00e3o e fun\u00e7\u00f5es dos alimentos e fontes de nutrientes;<\/p>\n<\/div>\n\n<div class=\"gridContainer\">\n<p>3. Defini\u00e7\u00e3o, estrutura e propriedades qu\u00edmicas, fun\u00e7\u00f5es, classifica\u00e7\u00e3o, biodisponibilidade, fontes alimentares, recomenda\u00e7\u00f5es, doen\u00e7as causadas por car\u00eancia e excesso dos seguintes nutrientes:<\/p>\n<\/div>\n\n<div class=\"gridContainer\">\n<p>Dura\u00e7\u00e3o m\u00e1xima da aula: 20 (Minutos)<\/p>\n<\/div>\n\n<div class=\"gridContainer\">\n<p>Data: 13\/11\/2019 Hor\u00e1rio: 18h:00<\/p>\n<\/div>\n\n<div class=\"gridContainer\">\n<p>O Diretor de Escola T\u00e9cnica da ETEC IRM\u00c3 AGOSTINA, com fundamento no item 1 do Cap\u00edtulo X do Edital de Abertura de Inscri\u00e7\u00f5es, designa para compor a Banca Examinadora do referido Concurso P\u00fablico os seguintes membros:<\/p>\n<\/div>\n\n<div class=\"gridContainer\">\n<p>TITULARES:<\/p>\n<\/div>\n\n<div class=\"gridContainer\">\n<p>1. \u00c1lvaro Mendes da Rocha, RG 30.535.116-3, Coordenador de Projetos respons\u00e1vel pela Coordena\u00e7\u00e3o Pedag\u00f3gica, Presidente;<\/p>\n<\/div>\n\n<div class=\"gridContainer\">\n<p>2. Marcela Nunes Santo, RG 30.864.853-5, Coordenador de Curso, Especialista;<\/p>\n<\/div>\n\n<div class=\"gridContainer\">\n<p>3. Klauss Engelmann, RG 25.715.851-4, Professor de Ensino M\u00e9dio e T\u00e9cnico;<\/p>\n<\/div>\n\n<div class=\"gridContainer\">\n<p>SUPLENTES:<\/p>\n<\/div>\n\n<div class=\"gridContainer\">\n<p>1. Elizabel Cristina Silva Osmundo de Souza, RG 28.820.921-7, Professor de Ensino M\u00e9dio e T\u00e9cnico;<\/p>\n<\/div>\n\n<div class=\"gridContainer\">\n<p>2. Daniel Marcolino, RG 10.115.033-7, Professor de Ensino M\u00e9dio e T\u00e9cnico.<\/p>\n<\/div>","protected":false},"excerpt":{"rendered":"<p>CONCURSO P\u00daBLICO PARA PROFESSOR DE ENSINO M\u00c9DIO E T\u00c9CNICO N\u00ba238\/01\/2019 \u2013 PROCESSO N\u00ba 2513808\/2019. AUTORIZA\u00c7\u00c3O GOVERNAMENTAL: DESPACHO PUBLICADO NO DOE DE 28\/09\/2018, PROCESSO CEETEPS N\u00ba 818\/2018 EDITAL DE RESULTADO DA PROVA ESCRITA E CONVOCA\u00c7\u00c3O PARA A PROVA DE M\u00c9TODOS PEDAG\u00d3GICOS A Comiss\u00e3o Especial de Concurso P\u00fablico da ETEC IRM\u00c3 AGOSTINA, comunica o resultado da Prova&nbsp;&hellip;<\/p>\n","protected":false},"author":1,"featured_media":0,"comment_status":"open","ping_status":"open","sticky":false,"template":"","format":"standard","meta":[],"categories":[8,2],"tags":[],"_links":{"self":[{"href":"https:\/\/etecia.com.br\/index.php?rest_route=\/wp\/v2\/posts\/3423"}],"collection":[{"href":"https:\/\/etecia.com.br\/index.php?rest_route=\/wp\/v2\/posts"}],"about":[{"href":"https:\/\/etecia.com.br\/index.php?rest_route=\/wp\/v2\/types\/post"}],"author":[{"embeddable":true,"href":"https:\/\/etecia.com.br\/index.php?rest_route=\/wp\/v2\/users\/1"}],"replies":[{"embeddable":true,"href":"https:\/\/etecia.com.br\/index.php?rest_route=%2Fwp%2Fv2%2Fcomments&post=3423"}],"version-history":[{"count":4,"href":"https:\/\/etecia.com.br\/index.php?rest_route=\/wp\/v2\/posts\/3423\/revisions"}],"predecessor-version":[{"id":3433,"href":"https:\/\/etecia.com.br\/index.php?rest_route=\/wp\/v2\/posts\/3423\/revisions\/3433"}],"wp:attachment":[{"href":"https:\/\/etecia.com.br\/index.php?rest_route=%2Fwp%2Fv2%2Fmedia&parent=3423"}],"wp:term":[{"taxonomy":"category","embeddable":true,"href":"https:\/\/etecia.com.br\/index.php?rest_route=%2Fwp%2Fv2%2Fcategories&post=3423"},{"taxonomy":"post_tag","embeddable":true,"href":"https:\/\/etecia.com.br\/index.php?rest_route=%2Fwp%2Fv2%2Ftags&post=3423"}],"curies":[{"name":"wp","href":"https:\/\/api.w.org\/{rel}","templated":true}]}}