{"id":3387,"date":"2019-10-11T14:07:32","date_gmt":"2019-10-11T17:07:32","guid":{"rendered":"https:\/\/etecirmaagostina.com.br\/?p=3387"},"modified":"2019-10-21T09:42:54","modified_gmt":"2019-10-21T12:42:54","slug":"deferimento-e-convocacao-para-prova-escrita-concurso-para-docente-em-nutricao","status":"publish","type":"post","link":"https:\/\/etecia.com.br\/?p=3387","title":{"rendered":"Deferimento e Convoca\u00e7\u00e3o para Prova Escrita &#8211; concurso para docente em nutri\u00e7\u00e3o"},"content":{"rendered":"<div class=\"gridContainer\">\n<p> CONCURSO P\u00daBLICO PARA PROFESSOR DE ENSINO M\u00c9DIO E T\u00c9CNICO N\u00ba 238\/01\/2019 \u2013 PROCESSO N\u00ba \u2013 PROCESSO N\u00ba 2513808\/2019 AUTORIZA\u00c7\u00c3O GOVERNAMENTAL: DESPACHO PUBLICADO NO DOE DE 28\/09\/2018, PROCESSO CEETEPS N\u00ba 818\/2018 EDITAL DE DEFERIMENTO E INDEFERIMENTO DE INSCRI\u00c7\u00d5ES E CONVOCA\u00c7\u00c3O PARA A PROVA ESCRITA A Comiss\u00e3o Especial de Concurso P\u00fablico da ESCOLA T\u00c9CNICA ESTADUAL IRM\u00c3 AGOSTINA comunica aos candidatos abaixo relacionados o deferimento e indeferimento das inscri\u00e7\u00f5es e convoca para a Prova Escrita, a ser realizada na ETEC ESCOLA T\u00c9CNICA ESTADUAL IRM\u00c3 AGOSTINA, sita na AVENIDA FELICIANO CORREIA, s\/n \u2013 JARDIM SAT\u00c9LITE \u2013 S\u00c3O PAULO, cidade S\u00c3O PAULO, no dia e hor\u00e1rio abaixo informados. O candidato dever\u00e1 comparecer ao local designado para a aplica\u00e7\u00e3o da Prova Escrita, preferencialmente, com anteced\u00eancia m\u00ednima de 30 (trinta) minutos do in\u00edcio da prova, munido de protocolo de inscri\u00e7\u00e3o e do original de um documento de identidade, de acordo com o relacionado no Cap\u00edtulo V do Edital de Abertura de Inscri\u00e7\u00f5es. COMPONENTE CURRICULAR (HABILITA\u00c7\u00c3O) DIAGN\u00d3STICO DA ALIMENTA\u00c7\u00c3O HUMANA(NUTRI\u00c7\u00c3O E DIET\u00c9TICA) INSCRI\u00c7\u00c3O(\u00d5ES) DEFERIDA(S): N\u00ba de inscri\u00e7\u00e3o \/ Nome ou Nome Social \/ RG \/ CPF 01\/ CAROLINE TAVARES DA SILVA \/ 48.346.403\u2013X \/ 398.713.218\u201330;; 02\/ ANA PAULA NEHARA MOREIRA \/ 38.564.554\u20135 \/ 425.904.048\u201308;; 03\/ AMANDA BARBOSA NETO \/ 37.113.550\u20133 \/ 397.970.138\u201371;; 04\/ SANDRA REGINA VEIGA GOMES \/ 50.612.433\u20132 \/ 006.414.277\u201394;; 05\/ CAROLINE SILVA VIOLLA NACARATO \/ 43.263.659\u20136 \/ 438.932.318\u201303;; 06\/ GABRIELA DE LIMA SANTIAGO \/ 4983014 \/ 031.150.441\u201386;; 07\/ APARECIDA VIRGINIA SIQUEIRA COLOMBO JUSTINO \/ 21.974.322\u20138 \/ 156.949.778\u201382;; 08\/ VIN\u00cdCIUS BARBOSA \/ 50.689.842\u20138 \/ 439.089.558\u201331;; 09\/ SELMA RICOBONI \/ 27.189.163\u20134 \/ 267.346.548\u201300;; 10\/ CAROLINE TRAVASSO CASARIN DOS REIS \/ 59.184.615\u20139 \/ 010.846.421\u201307;; 11\/ FERNANDA ALVES PRADO BORGES \/ 47.255.708\u20137 \/ 384.456.998\u201373;; 12\/ NHICOLIE DOS REIS DIAS \/ 36.625.625\u20137 \/ 417.974.568\u201322;; 13\/ J\u00c9SSICA FREITAS SANTOS \/ 32.946.985\u2013X \/ 229.056.108\u201383;; 14\/ DIOGO ROBERTO FARIA VENEZIAN \/ 46.153.621\u20133 \/ 362.072.468\u201370;; 15\/ ANA CAROLINA LAVIO ROCHA \/ 39.698.970\u20136 \/ 419.103.358\u201319;; 16\/ NATALIA LOPES LADIVEZ \/ 46.023.784\u20136 \/ 390.341.208\u201321;; 17\/ TANIA CRISTINA CALSA VENDITTI \/ 20.760.381\u20139 \/ 140.533.178\u201300;; 18\/ TATIANE ISRAEL DE S\u00c1 \/ 41.043.253\u20132 \/ 345.171.188\u201351;; 19\/ NAT\u00c1LIA GUIMAR\u00c3ES VIGNOLI \/ 44.353.845\u20131 \/ 332.616.668\u201303;; 20\/ BRUNO C\u00c9SAR DO NASCIMENTO FRAN\u00c7A \/ 44.478.356\u20138 \/ 378.471.338\u201365;; 21\/ KARINA S\u00c1TIRO DA SILVA \/ 45.723.356\u20134 \/ 383.318.428\u201304; DATA DA PROVA ESCRITA: 21\/10\/2019 HOR\u00c1RIO: 19H:30 DURA\u00c7\u00c3O DA PROVA: 1h30 PROGRAMA DA PROVA (seguindo o Anexo VII do Edital de Abertura de Inscri\u00e7\u00f5es): 1\u2013Digest\u00e3o dos alimentos: anatomia e fisiologia do sistema digest\u00f3rio; 2\u2013Guias alimentares: hist\u00f3rico e pir\u00e2mide dos alimentos \u2013 brasileira e internacional; 3\u2013Classifica\u00e7\u00e3o dos alimentos segundo suas fun\u00e7\u00f5es: grupos de alimentos; 4\u2013Princ\u00edpios da alimenta\u00e7\u00e3o equilibrada: natureza, composi\u00e7\u00e3o e fun\u00e7\u00f5es dos alimentos e fontes de nutrientes; 5\u2013Conceitos gerais em Nutri\u00e7\u00e3o e Diet\u00e9tica: alimento, nutriente, diet\u00e9tica, alimenta\u00e7\u00e3o, nutri\u00e7\u00e3o, metabolismo; 6\u2013Defini\u00e7\u00e3o, estrutura e propriedades qu\u00edmicas, fun\u00e7\u00f5es, classifica\u00e7\u00e3o, biodisponibilidade, fontes alimentares, recomenda\u00e7\u00f5es, doen\u00e7as causadas por car\u00eancia e excesso dos seguintes nutrientes: \u2022 macronutrientes; \u2022 micronutrientes: vitaminas liposol\u00faveis, hidrosol\u00faveis e minerais; 7\u2013Alimentos probi\u00f3ticos e prebi\u00f3ticos. <strong>13808\/2019<\/strong><\/p>\n<\/div>\n\n<div class=\"gridContainer\">\n<p><strong>AUTORIZA\u00c7\u00c3O GOVERNAMENTAL:<\/strong><\/p>\n<\/div>\n\n<div class=\"gridContainer\">\n<p><strong>DESPACHO PUBLICADO NO DOE DE 28\/09\/2018,\nPROCESSO CEETEPS N\u00ba 818\/2018<\/strong><\/p>\n<\/div>\n\n<div class=\"gridContainer\">\n<p><strong>EDITAL DE DEFERIMENTO E INDEFERIMENTO DE\nINSCRI\u00c7\u00d5ES E CONVOCA\u00c7\u00c3O PARA A PROVA ESCRITA<\/strong><\/p>\n<\/div>\n\n<div class=\"gridContainer\">\n<p>A\nComiss\u00e3o Especial de Concurso P\u00fablico da ETEC IRM\u00c3 AGOSTINA comunica aos\ncandidatos abaixo relacionados o deferimento e indeferimento das inscri\u00e7\u00f5es e\nconvoca para a Prova Escrita, a ser realizada na ETEC IRM\u00c3 AGOSTINA, sita na a&nbsp;&nbsp;&nbsp; V. Feliciano Correia, s\/n\u00ba, cidade S\u00e3o Paulo,\nno dia e hor\u00e1rio abaixo informados. <\/p>\n<\/div>\n\n<div class=\"gridContainer\">\n<p>O\ncandidato dever\u00e1 comparecer ao local designado para a aplica\u00e7\u00e3o da Prova\nEscrita, preferencialmente, com anteced\u00eancia m\u00ednima de 30 (trinta) minutos do\nin\u00edcio da prova, munido de protocolo de inscri\u00e7\u00e3o e do original de um documento\nde identidade, de acordo com o relacionado no Cap\u00edtulo V do Edital de Abertura\nde Inscri\u00e7\u00f5es.<\/p>\n<\/div>\n\n<div class=\"gridContainer\">\n<p><strong>COMPONENTE CURRICULAR (HABILITA\u00c7\u00c3O)<\/strong><\/p>\n<\/div>\n\n<div class=\"gridContainer\">\n<p><strong>DIAGN\u00d3STICO DA ALIMENTA\u00c7\u00c3O HUMANA<\/strong><\/p>\n<\/div>\n\n<div class=\"gridContainer\">\n<p><strong>INSCRI\u00c7\u00c3O(\u00d5ES) DEFERIDA(S):<\/strong><\/p>\n<\/div>\n\n<div class=\"gridContainer\">\n<p>N\u00ba de\ninscri\u00e7\u00e3o \/ Nome ou Nome Social \/ RG \/ CPF<\/p>\n<\/div>\n\n<div class=\"gridContainer\">\n<p>01\/Caroline\nTavares da Silva\/RG:48.346.403-X\/CPF: 398.713.218-30<\/p>\n<\/div>\n\n<div class=\"gridContainer\">\n<p>02\/Ana\nPaula Nehara Moreira\/RG:38.564.554-5\/CPF:425.904.048-08<\/p>\n<\/div>\n\n<div class=\"gridContainer\">\n<p>03\/Amanda\nBarbosa Neto\/RG:37.113.550-3\/CPF:397.970.138\/71<\/p>\n<\/div>\n\n<div class=\"gridContainer\">\n<p>04\/Sandra\nRegina Veiga Gomes\/RG:50.612.433-2\/CPF:006.414.277\/94<\/p>\n<\/div>\n\n<div class=\"gridContainer\">\n<p>05\/Caroline\nSilva Violla Nacarato\/RG:43.263.659-6\/CPF:438.932.318\/03<\/p>\n<\/div>\n\n<div class=\"gridContainer\">\n<p>06\/Gabriela\nde Lima Santiago\/RG:4983014\/CPF:031.150.441-86<\/p>\n<\/div>\n\n<div class=\"gridContainer\">\n<p>07\/Aparecida\nVirginia S Colombo Justino\/RG:21.974.322-8\/CPF:156.949.778-82<\/p>\n<\/div>\n\n<div class=\"gridContainer\">\n<p>08\/Vinicius\nBarbosa\/RG:50.689.842-8\/CPF:439.089.558-31<\/p>\n<\/div>\n\n<div class=\"gridContainer\">\n<p>09\/Selma\nRicoboni\/RG:27.189.163-4\/CPF:267.346.548\/00<\/p>\n<\/div>\n\n<div class=\"gridContainer\">\n<p>10\/Caroline\nTravasso Casarin dos Reis\/RG:59.184.615-9\/CPF:010.846.421-07<\/p>\n<\/div>\n\n<div class=\"gridContainer\">\n<p>11\/Fernanda\nAlves Prado Borges\/RG:47.255.708-7\/CPF:384.456.998-73<\/p>\n<\/div>\n\n<div class=\"gridContainer\">\n<p>12\/Nhicolie\ndos Reis Dias\/36.625.625-7\/CPF:417.974.568-22<\/p>\n<\/div>\n\n<div class=\"gridContainer\">\n<p>13\/J\u00e9ssica\nFreitas Santos\/RG:32.946.985-X\/CPF:229.056.108-83<\/p>\n<\/div>\n\n<div class=\"gridContainer\">\n<p>14\/Diogo\nRoberto Faria Venezian\/RG:46.153.621-3\/CPF:362.072.468-70<\/p>\n<\/div>\n\n<div class=\"gridContainer\">\n<p>15\/Ana\nCarolina Lavio Rocha\/RG:39.698.970-6\/CPF:419.103.358-19<\/p>\n<\/div>\n\n<div class=\"gridContainer\">\n<p>16\/Natalia\nLopes Ladivez\/RG:46.023.784-6\/CPF:390.341.208-21<\/p>\n<\/div>\n\n<div class=\"gridContainer\">\n<p>17\/Tania\nCristina Calsa Venditti\/RG:20.760.381-9\/CPF:140.533.178-00<\/p>\n<\/div>\n\n<div class=\"gridContainer\">\n<p>18\/Tatiane\nIsrael de S\u00e1\/RG:41.043.253-2\/CPF:345.171.188-51<\/p>\n<\/div>\n\n<div class=\"gridContainer\">\n<p>19\/Nat\u00e1lia\nGuimar\u00e3es Vignoli\/RG:44.353.845-1\/CPF:332.616.668-03<\/p>\n<\/div>\n\n<div class=\"gridContainer\">\n<p>20\/Bruno\nC\u00e9sar do Nascimento Fran\u00e7a\/RG:44.478.356-8\/CPF:378.471.338-65<\/p>\n<\/div>\n\n<div class=\"gridContainer\">\n<p>21\/Karina\nS\u00e1tiro da Silva\/RG:45.723.356-4\/CPF:383.318.428\/04<\/p>\n<\/div>\n\n<div class=\"gridContainer\">\n<p>DATA\nDA PROVA ESCRITA: 21\/10\/2019<\/p>\n<\/div>\n\n<div class=\"gridContainer\">\n<p>HOR\u00c1RIO:\nDAS 19H:30 \u00c0S 20H:30<\/p>\n<\/div>\n\n<div class=\"gridContainer\">\n<p>PROGRAMA DA PROVA (seguindo o Anexo\nVII do Edital de Abertura de Inscri\u00e7\u00f5es): <\/p>\n<\/div>\n\n<div class=\"gridContainer\">\n<p>1-Digest\u00e3o dos alimentos: anatomia\ne fisiologia do sistema digest\u00f3rio <\/p>\n<\/div>\n\n<div class=\"gridContainer\">\n<p>2-Guias alimentares: hist\u00f3rico e\npir\u00e2mide dos alimentos \u2013 brasileira e internacional <\/p>\n<\/div>\n\n<div class=\"gridContainer\">\n<p>3-Classifica\u00e7\u00e3o dos alimentos\nsegundo suas fun\u00e7\u00f5es: grupos de alimentos <\/p>\n<\/div>\n\n<div class=\"gridContainer\">\n<p>4-Princ\u00edpios da alimenta\u00e7\u00e3o\nequilibrada: natureza, composi\u00e7\u00e3o e fun\u00e7\u00f5es dos alimentos e fontes de\nnutrientes <\/p>\n<\/div>\n\n<div class=\"gridContainer\">\n<p>5-Conceitos gerais em Nutri\u00e7\u00e3o e\nDiet\u00e9tica: alimento, nutriente, diet\u00e9tica, alimenta\u00e7\u00e3o, nutri\u00e7\u00e3o, metabolismo <\/p>\n<\/div>\n\n<div class=\"gridContainer\">\n<p>6-Defini\u00e7\u00e3o, estrutura e\npropriedades qu\u00edmicas, fun\u00e7\u00f5es, classifica\u00e7\u00e3o, biodisponibilidade, fontes\nalimentares, recomenda\u00e7\u00f5es, doen\u00e7as causadas por car\u00eancia e excesso dos\nseguintes nutrientes: <\/p>\n<\/div>\n\n<div class=\"gridContainer\">\n<ul><li>macronutrientes; <\/li><li>micronutrientes: vitaminas liposol\u00faveis,\nhidrosol\u00faveis e minerais <\/li><\/ul>\n<\/div>\n\n<div class=\"gridContainer\">\n<p>7-Alimentos probi\u00f3ticos e prebi\u00f3ticos<\/p>\n<\/div>","protected":false},"excerpt":{"rendered":"<p>CONCURSO P\u00daBLICO PARA PROFESSOR DE ENSINO M\u00c9DIO E T\u00c9CNICO N\u00ba 238\/01\/2019 \u2013 PROCESSO N\u00ba \u2013 PROCESSO N\u00ba 2513808\/2019 AUTORIZA\u00c7\u00c3O GOVERNAMENTAL: DESPACHO PUBLICADO NO DOE DE 28\/09\/2018, PROCESSO CEETEPS N\u00ba 818\/2018 EDITAL DE DEFERIMENTO E INDEFERIMENTO DE INSCRI\u00c7\u00d5ES E CONVOCA\u00c7\u00c3O PARA A PROVA ESCRITA A Comiss\u00e3o Especial de Concurso P\u00fablico da ESCOLA T\u00c9CNICA ESTADUAL IRM\u00c3 AGOSTINA&nbsp;&hellip;<\/p>\n","protected":false},"author":1,"featured_media":0,"comment_status":"open","ping_status":"open","sticky":false,"template":"","format":"standard","meta":[],"categories":[8,2],"tags":[],"_links":{"self":[{"href":"https:\/\/etecia.com.br\/index.php?rest_route=\/wp\/v2\/posts\/3387"}],"collection":[{"href":"https:\/\/etecia.com.br\/index.php?rest_route=\/wp\/v2\/posts"}],"about":[{"href":"https:\/\/etecia.com.br\/index.php?rest_route=\/wp\/v2\/types\/post"}],"author":[{"embeddable":true,"href":"https:\/\/etecia.com.br\/index.php?rest_route=\/wp\/v2\/users\/1"}],"replies":[{"embeddable":true,"href":"https:\/\/etecia.com.br\/index.php?rest_route=%2Fwp%2Fv2%2Fcomments&post=3387"}],"version-history":[{"count":2,"href":"https:\/\/etecia.com.br\/index.php?rest_route=\/wp\/v2\/posts\/3387\/revisions"}],"predecessor-version":[{"id":3396,"href":"https:\/\/etecia.com.br\/index.php?rest_route=\/wp\/v2\/posts\/3387\/revisions\/3396"}],"wp:attachment":[{"href":"https:\/\/etecia.com.br\/index.php?rest_route=%2Fwp%2Fv2%2Fmedia&parent=3387"}],"wp:term":[{"taxonomy":"category","embeddable":true,"href":"https:\/\/etecia.com.br\/index.php?rest_route=%2Fwp%2Fv2%2Fcategories&post=3387"},{"taxonomy":"post_tag","embeddable":true,"href":"https:\/\/etecia.com.br\/index.php?rest_route=%2Fwp%2Fv2%2Ftags&post=3387"}],"curies":[{"name":"wp","href":"https:\/\/api.w.org\/{rel}","templated":true}]}}