{"id":3352,"date":"2019-10-01T19:23:09","date_gmt":"2019-10-01T22:23:09","guid":{"rendered":"https:\/\/etecirmaagostina.com.br\/?p=3352"},"modified":"2019-10-01T19:23:09","modified_gmt":"2019-10-01T22:23:09","slug":"conexao-etecia-5a-edicao","status":"publish","type":"post","link":"https:\/\/etecia.com.br\/?p=3352","title":{"rendered":"Conex\u00e3o ETECIA 5\u00aa Edi\u00e7\u00e3o"},"content":{"rendered":"<div class=\"gridContainer\">\n<p> O projeto Conex\u00e3o ETECIA trata-se da publica\u00e7\u00e3o de um jornal criado pelos alunos do Ensino M\u00e9dio Integrado ao T\u00e9cnico em Administra\u00e7\u00e3o. Eles produzem, redigem e diagramam as not\u00edcias do mundo e da comunidade acad\u00eamica, gerando registros importantes para melhorar a comunica\u00e7\u00e3o em geral, al\u00e9m de praticarem compet\u00eancias fundamentais para o futuro pessoal e profissional. <\/p>\n<\/div>\n\n<div class=\"gridContainer\">\n<p>Voc\u00ea pode ler a edi\u00e7\u00e3o de setembro de 2019 clicando na imagem a seguir.<\/p>\n<\/div>\n\n<div class=\"gridContainer\">\n<figure class=\"wp-block-image\"><a href=\"http:\/\/etecia.com.br\/wp-content\/uploads\/2019\/09\/conexao_etecia_5_sm.pdf\" target=\"_blank\" class=\"broken_link\"><img loading=\"lazy\" width=\"529\" height=\"769\" src=\"http:\/\/etecia.com.br\/wp-content\/uploads\/2019\/09\/capa.png\" alt=\"\" class=\"wp-image-3353\" srcset=\"https:\/\/etecia.com.br\/wp-content\/uploads\/2019\/09\/capa.png 529w, https:\/\/etecia.com.br\/wp-content\/uploads\/2019\/09\/capa-206x300.png 206w, https:\/\/etecia.com.br\/wp-content\/uploads\/2019\/09\/capa-172x250.png 172w\" sizes=\"(max-width: 529px) 100vw, 529px\" \/><\/a><\/figure>\n<\/div>","protected":false},"excerpt":{"rendered":"<p>O projeto Conex\u00e3o ETECIA trata-se da publica\u00e7\u00e3o de um jornal criado pelos alunos do Ensino M\u00e9dio Integrado ao T\u00e9cnico em Administra\u00e7\u00e3o. Eles produzem, redigem e diagramam as not\u00edcias do mundo e da comunidade acad\u00eamica, gerando registros importantes para melhorar a comunica\u00e7\u00e3o em geral, al\u00e9m de praticarem compet\u00eancias fundamentais para o futuro pessoal e profissional. Voc\u00ea&nbsp;&hellip;<\/p>\n","protected":false},"author":1,"featured_media":0,"comment_status":"open","ping_status":"open","sticky":false,"template":"","format":"standard","meta":[],"categories":[2],"tags":[],"_links":{"self":[{"href":"https:\/\/etecia.com.br\/index.php?rest_route=\/wp\/v2\/posts\/3352"}],"collection":[{"href":"https:\/\/etecia.com.br\/index.php?rest_route=\/wp\/v2\/posts"}],"about":[{"href":"https:\/\/etecia.com.br\/index.php?rest_route=\/wp\/v2\/types\/post"}],"author":[{"embeddable":true,"href":"https:\/\/etecia.com.br\/index.php?rest_route=\/wp\/v2\/users\/1"}],"replies":[{"embeddable":true,"href":"https:\/\/etecia.com.br\/index.php?rest_route=%2Fwp%2Fv2%2Fcomments&post=3352"}],"version-history":[{"count":2,"href":"https:\/\/etecia.com.br\/index.php?rest_route=\/wp\/v2\/posts\/3352\/revisions"}],"predecessor-version":[{"id":3363,"href":"https:\/\/etecia.com.br\/index.php?rest_route=\/wp\/v2\/posts\/3352\/revisions\/3363"}],"wp:attachment":[{"href":"https:\/\/etecia.com.br\/index.php?rest_route=%2Fwp%2Fv2%2Fmedia&parent=3352"}],"wp:term":[{"taxonomy":"category","embeddable":true,"href":"https:\/\/etecia.com.br\/index.php?rest_route=%2Fwp%2Fv2%2Fcategories&post=3352"},{"taxonomy":"post_tag","embeddable":true,"href":"https:\/\/etecia.com.br\/index.php?rest_route=%2Fwp%2Fv2%2Ftags&post=3352"}],"curies":[{"name":"wp","href":"https:\/\/api.w.org\/{rel}","templated":true}]}}