{"id":3196,"date":"2019-07-15T17:42:34","date_gmt":"2019-07-15T20:42:34","guid":{"rendered":"https:\/\/etecirmaagostina.com.br\/?p=3196"},"modified":"2019-07-19T11:17:06","modified_gmt":"2019-07-19T14:17:06","slug":"lista-dos-aprovados-no-vestibulinho-2sem-2019","status":"publish","type":"post","link":"https:\/\/etecia.com.br\/?p=3196","title":{"rendered":"Lista dos Aprovados no Vestibulinho 2Sem 2019"},"content":{"rendered":"<div class=\"gridContainer\">\n<p>Foi divulgada a lista de classifica\u00e7\u00e3o do vestibulinho para o segundo semestre de 2019 para os cursos t\u00e9cnicos noturno da sede e da Extens\u00e3o CEU Vila Rubi<\/p>\n<\/div>\n\n<div class=\"gridContainer\">\n<p><strong>Orienta\u00e7\u00f5es sobre a matr\u00edcula<\/strong><\/p>\n<\/div>\n\n<div class=\"gridContainer\">\n<p><strong>Hor\u00e1rio:<\/strong>&nbsp;as matr\u00edculas devem ser realizadas de segunda a sexta das&nbsp;<strong>14:00&nbsp;\u00e0s 19:00<\/strong>&nbsp;na secretaria acad\u00eamica da ETEC Irm\u00e3 Agostina (Rua Feliciano Correia, s\/n Cidade Dutra).<\/p>\n<\/div>\n\n<div class=\"gridContainer\">\n<p><strong>IMPORTANTE<\/strong>: para sua comodidade, agende o hor\u00e1rio da matr\u00edcula em <a href=\"http:\/\/etecia.com.br\/matricula\" class=\"broken_link\"><strong>etecia.com.br\/matricula<\/strong><\/a><\/p>\n<\/div>\n\n<div class=\"gridContainer\">\n<p><strong>Aprovados:<\/strong>&nbsp;S\u00e3o considerados aprovados os alunos melhores classificados de acordo com a quantidade de vagas no curso. Para verificar se voc\u00ea est\u00e1 aprovado, verifique se seu nome aparece na lista no link abaixo. Voc\u00ea pode ainda ser convocado para as pr\u00f3ximas chamadas de acordo com cronograma a seguir:<\/p>\n<\/div>\n\n<div class=\"gridContainer\">\n<ul><li>17 e 18\/07: primeira chamada (<u><strong><a rel=\"noreferrer noopener\" label=\"lista de convocados em 1a chamada (opens in a new tab)\" href=\"http:\/\/etecia.com.br\/wp-content\/uploads\/2019\/07\/Lista-de-1a-Chamada-Geral_compressed.pdf\" target=\"_blank\" class=\"broken_link\">lista de convocados em 1a chamada<\/a><\/strong><\/u>)<\/li><li>22\/07 e 23\/07: segunda chamada <a href=\"http:\/\/etecia.com.br\/wp-content\/uploads\/2019\/07\/2-Lista-de-Chamada-Geral_compressed.pdf\" class=\"broken_link\">(<\/a><strong><a href=\"http:\/\/etecia.com.br\/wp-content\/uploads\/2019\/07\/2-Lista-de-Chamada-Geral_compressed.pdf\" class=\"broken_link\">lista de convocados em 2a chamada<\/a><\/strong><a href=\"http:\/\/etecia.com.br\/wp-content\/uploads\/2019\/07\/2-Lista-de-Chamada-Geral_compressed.pdf\" class=\"broken_link\">)<\/a> <\/li><li><a href=\"http:\/\/etecia.com.br\/wp-content\/uploads\/2019\/07\/2-Lista-de-Chamada-Geral_compressed.pdf\" class=\"broken_link\"><\/a><\/li><\/ul>\n<\/div>\n\n<div class=\"gridContainer\">\n<p>As listas estar\u00e3o dispon\u00edveis nesse site e nos murais da ETEC Irm\u00e3 Agostina<\/p>\n<\/div>\n\n<div class=\"gridContainer\">\n<p><strong>Documentos:&nbsp;<\/strong>para efetivar a matr\u00edcula o aluno deve apresentar os seguintes documentos:<\/p>\n<\/div>\n\n<div class=\"gridContainer\">\n<ul><li>C\u00f3pia e original de documento de identidade (RG)<\/li><li>C\u00f3pia e original do CPF<\/li><li>C\u00f3pia e original da Certid\u00e3o de Nascimento ou Casamento<\/li><li>1 foto 3&#215;4 recente<\/li><li>Se o candidato declarou ter estudado em escola p\u00fablica deve apresentar documento que comprove essa informa\u00e7\u00e3o (hist\u00f3rico escolar ou declara\u00e7\u00e3o)<\/li><li>Comprovante de conclus\u00e3o do ensino m\u00e9dio ou declara\u00e7\u00e3o de matr\u00edcula no 2o ou 3o ano do ensino m\u00e9dio.<\/li><\/ul>\n<\/div>\n\n<div class=\"gridContainer\">\n<p><strong>Observa\u00e7\u00f5es:<\/strong><\/p>\n<\/div>\n\n<div class=\"gridContainer\">\n<p>Se impossibilitado de comparecer para realizar a matr\u00edcula, o candidato&nbsp;poder\u00e1 indicar um representante, portando uma procura\u00e7\u00e3o simples, juntamente com os documentos exigidos. Nesse caso, a Etec Irm\u00e3 Agostina n\u00e3o se responsabilizar\u00e1, todavia, por eventuais erros cometidos no preenchimento do requerimento de matr\u00edcula.<\/p>\n<\/div>\n\n<div class=\"gridContainer\">\n<p><strong>N\u00e3o haver\u00e1, em hip\u00f3tese alguma, matr\u00edcula condicional<\/strong>, conforme o Regimento Comum das Escolas T\u00e9cnicas do Centro Estadual de Educa\u00e7\u00e3o Tecnol\u00f3gica \u201cPaula Souza\u201d. N\u00e3o ser\u00e3o aceitas matr\u00edculas com falta de documentos.<\/p>\n<\/div>\n\n<div class=\"gridContainer\">\n<p>Recomenda-se a leitura da portaria CEETEPS com todas as informa\u00e7\u00f5es do processo do Vestibulinho, dispon\u00edvel no site vestibulinhoetec.com.br<\/p>\n<\/div>","protected":false},"excerpt":{"rendered":"<p>Foi divulgada a lista de classifica\u00e7\u00e3o do vestibulinho para o segundo semestre de 2019 para os cursos t\u00e9cnicos noturno da sede e da Extens\u00e3o CEU Vila Rubi Orienta\u00e7\u00f5es sobre a matr\u00edcula Hor\u00e1rio:&nbsp;as matr\u00edculas devem ser realizadas de segunda a sexta das&nbsp;14:00&nbsp;\u00e0s 19:00&nbsp;na secretaria acad\u00eamica da ETEC Irm\u00e3 Agostina (Rua Feliciano Correia, s\/n Cidade Dutra). IMPORTANTE:&nbsp;&hellip;<\/p>\n","protected":false},"author":1,"featured_media":0,"comment_status":"open","ping_status":"open","sticky":false,"template":"","format":"standard","meta":[],"categories":[2],"tags":[],"_links":{"self":[{"href":"https:\/\/etecia.com.br\/index.php?rest_route=\/wp\/v2\/posts\/3196"}],"collection":[{"href":"https:\/\/etecia.com.br\/index.php?rest_route=\/wp\/v2\/posts"}],"about":[{"href":"https:\/\/etecia.com.br\/index.php?rest_route=\/wp\/v2\/types\/post"}],"author":[{"embeddable":true,"href":"https:\/\/etecia.com.br\/index.php?rest_route=\/wp\/v2\/users\/1"}],"replies":[{"embeddable":true,"href":"https:\/\/etecia.com.br\/index.php?rest_route=%2Fwp%2Fv2%2Fcomments&post=3196"}],"version-history":[{"count":5,"href":"https:\/\/etecia.com.br\/index.php?rest_route=\/wp\/v2\/posts\/3196\/revisions"}],"predecessor-version":[{"id":3210,"href":"https:\/\/etecia.com.br\/index.php?rest_route=\/wp\/v2\/posts\/3196\/revisions\/3210"}],"wp:attachment":[{"href":"https:\/\/etecia.com.br\/index.php?rest_route=%2Fwp%2Fv2%2Fmedia&parent=3196"}],"wp:term":[{"taxonomy":"category","embeddable":true,"href":"https:\/\/etecia.com.br\/index.php?rest_route=%2Fwp%2Fv2%2Fcategories&post=3196"},{"taxonomy":"post_tag","embeddable":true,"href":"https:\/\/etecia.com.br\/index.php?rest_route=%2Fwp%2Fv2%2Ftags&post=3196"}],"curies":[{"name":"wp","href":"https:\/\/api.w.org\/{rel}","templated":true}]}}