{"id":3174,"date":"2019-06-07T09:26:46","date_gmt":"2019-06-07T12:26:46","guid":{"rendered":"https:\/\/etecirmaagostina.com.br\/?p=3174"},"modified":"2019-06-07T09:26:46","modified_gmt":"2019-06-07T12:26:46","slug":"alunos-da-etecia-vencem-premio-jovem-da-agua-de-estocolmo","status":"publish","type":"post","link":"https:\/\/etecia.com.br\/?p=3174","title":{"rendered":"Alunos da ETECIA vencem Pr\u00eamio Jovem da \u00c1gua de Estocolmo"},"content":{"rendered":"<div class=\"gridContainer\">\n<figure class=\"wp-block-image\"><img src=\"https:\/\/www.cps.sp.gov.br\/wp-content\/uploads\/sites\/1\/2019\/06\/premio_agua.jpg\" alt=\"\"\/><\/figure>\n<\/div>\n\n<div class=\"gridContainer\">\n<p>Dois estudantes da Escola T\u00e9cnica Estadual (Etec) Irm\u00e3 Agostina, venceram a etapa nacional do Pr\u00eamio Jovem da \u00c1gua de Estocolmo (Stockholm Junior Water Prize, em ingl\u00eas) e v\u00e3o representar o Brasil na final da competi\u00e7\u00e3o, durante a Semana Mundial da \u00c1gua de Estocolmo, na capital sueca, em agosto.<\/p>\n<\/div>\n\n<div class=\"gridContainer\">\n<p>Formados no fim do ano passado no curso t\u00e9cnico de Qu\u00edmica integrado ao Ensino M\u00e9dio, L\u00edvia Pinaso e Victor Cruz participaram do concurso com o trabalho&nbsp;<em>S\u00edntese de part\u00edculas de magnetita associadas a carv\u00e3o ativo e poliuretano para a adsor\u00e7\u00e3o de corantes e \u00edons de c\u00e1dmio e cobalto<\/em>&nbsp;\u2013 um composto s\u00f3lido utilizado para descontamina\u00e7\u00e3o de \u00e1guas atingidas por metais pesados e corantes. A professora M\u00e1rcia Silva orientou o projeto.<\/p>\n<\/div>\n\n<div class=\"gridContainer\">\n<p>A dupla concorreu com outros 26 trabalhos relacionados \u00e0 \u00e1gua, com signific\u00e2ncia ambiental, cient\u00edfica, social ou tecnol\u00f3gica. Cinco finalistas foram selecionados para a cerim\u00f4nia de premia\u00e7\u00e3o realizada nesta ter\u00e7a-feira (4), na sede da Companhia Ambiental do Estado de S\u00e3o Paulo (Cetesb), no bairro de Pinheiros, na Capital.<\/p>\n<\/div>\n\n<div class=\"gridContainer\">\n<p>\u201cFoi nosso Trabalho de Conclus\u00e3o de Curso (TCC). Fomos motivados pela nossa orientadora e por outros professores a inscrever o projeto em outras feiras e competi\u00e7\u00f5es\u201d, afirma Victor. Al\u00e9m do Pr\u00eamio Jovem da \u00c1gua de Estocolmo, eles ficaram com o terceiro lugar em Ci\u00eancias Exatas na 17\u00aa Feira Brasileira de Ci\u00eancias e Engenharia (Febrace), realizada em mar\u00e7o, na Universidade de S\u00e3o Paulo (USP).<\/p>\n<\/div>\n\n<div class=\"gridContainer\">\n<p>Os jovens viajam para Estocolmo com transporte, hospedagem e alimenta\u00e7\u00e3o financiados pelo pr\u00eamio. A etapa brasileira foi realizada pela C\u00e2mara Brasileira de Com\u00e9rcio na Su\u00e9cia em parceria com a Comiss\u00e3o de Neg\u00f3cios de Impacto e Sustentabilidade do Instituto Brasileiro de Desenvolvimento de Rela\u00e7\u00f5es Empresariais Internacionais (Ibrei).<\/p>\n<\/div>","protected":false},"excerpt":{"rendered":"<p>Dois estudantes da Escola T\u00e9cnica Estadual (Etec) Irm\u00e3 Agostina, venceram a etapa nacional do Pr\u00eamio Jovem da \u00c1gua de Estocolmo (Stockholm Junior Water Prize, em ingl\u00eas) e v\u00e3o representar o Brasil na final da competi\u00e7\u00e3o, durante a Semana Mundial da \u00c1gua de Estocolmo, na capital sueca, em agosto. Formados no fim do ano passado no&nbsp;&hellip;<\/p>\n","protected":false},"author":1,"featured_media":0,"comment_status":"open","ping_status":"open","sticky":false,"template":"","format":"standard","meta":[],"categories":[2],"tags":[],"_links":{"self":[{"href":"https:\/\/etecia.com.br\/index.php?rest_route=\/wp\/v2\/posts\/3174"}],"collection":[{"href":"https:\/\/etecia.com.br\/index.php?rest_route=\/wp\/v2\/posts"}],"about":[{"href":"https:\/\/etecia.com.br\/index.php?rest_route=\/wp\/v2\/types\/post"}],"author":[{"embeddable":true,"href":"https:\/\/etecia.com.br\/index.php?rest_route=\/wp\/v2\/users\/1"}],"replies":[{"embeddable":true,"href":"https:\/\/etecia.com.br\/index.php?rest_route=%2Fwp%2Fv2%2Fcomments&post=3174"}],"version-history":[{"count":1,"href":"https:\/\/etecia.com.br\/index.php?rest_route=\/wp\/v2\/posts\/3174\/revisions"}],"predecessor-version":[{"id":3175,"href":"https:\/\/etecia.com.br\/index.php?rest_route=\/wp\/v2\/posts\/3174\/revisions\/3175"}],"wp:attachment":[{"href":"https:\/\/etecia.com.br\/index.php?rest_route=%2Fwp%2Fv2%2Fmedia&parent=3174"}],"wp:term":[{"taxonomy":"category","embeddable":true,"href":"https:\/\/etecia.com.br\/index.php?rest_route=%2Fwp%2Fv2%2Fcategories&post=3174"},{"taxonomy":"post_tag","embeddable":true,"href":"https:\/\/etecia.com.br\/index.php?rest_route=%2Fwp%2Fv2%2Ftags&post=3174"}],"curies":[{"name":"wp","href":"https:\/\/api.w.org\/{rel}","templated":true}]}}