{"id":3155,"date":"2019-05-27T17:46:36","date_gmt":"2019-05-27T20:46:36","guid":{"rendered":"https:\/\/etecirmaagostina.com.br\/?p=3155"},"modified":"2019-06-04T08:19:01","modified_gmt":"2019-06-04T11:19:01","slug":"vagas-remanescentes-2019-2o-semestre","status":"publish","type":"post","link":"https:\/\/etecia.com.br\/?p=3155","title":{"rendered":"Vagas Remanescentes 2019 &#8211; 2o Semestre"},"content":{"rendered":"<div class=\"gridContainer\">\n<p>Publicado edital do processo de vagas remanescentes para o segundo semestre de 2019.<\/p>\n<\/div>\n\n<div class=\"gridContainer\">\n<p>Nesse semestre, estar\u00e3o dispon\u00edveis vagas para os segundos m\u00f3dulos de administra\u00e7\u00e3o (sede e CEU Vila Rubi), nutri\u00e7\u00e3o, qu\u00edmica, desenvolvimento de sistemas e secretariado (CEU Vila Rubi), bem como para o primeiro ano do Ensino M\u00e9dio Integrado ao t\u00e9cnico de Qu\u00edmica.<\/p>\n<\/div>\n\n<div class=\"gridContainer\">\n<p>As inscri\u00e7\u00f5es v\u00e3o de 03 \u00e0 19 de junho. Veja o edital completo para mais detalhes sobre o processo.<\/p>\n<\/div>\n\n<div class=\"gridContainer\">\n<ul><li><a href=\"http:\/\/etecia.com.br\/wp-content\/uploads\/2019\/05\/001-Edital-Vagas-Remanescentes-Administra\u00e7\u00e3o_compressed.pdf\" class=\"broken_link\">001 &#8211; T\u00e9cnico em Administra\u00e7\u00e3o<\/a><\/li><li><a href=\"http:\/\/etecia.com.br\/wp-content\/uploads\/2019\/05\/002-Edital-Vagas-Remanescentes-Nutri\u00e7\u00e3o_compressed-1.pdf\" class=\"broken_link\">002 &#8211; T\u00e9cnico em Nutri\u00e7\u00e3o e Diet\u00e9tica<\/a><\/li><li><a href=\"http:\/\/etecia.com.br\/wp-content\/uploads\/2019\/05\/003-Edital-Vagas-Remanescentes-Desenvolvimento-de-Sistemas_compressed.pdf\" class=\"broken_link\">003 &#8211; T\u00e9cnico em Desenvolvimento de Sistemas<\/a><\/li><li><a href=\"http:\/\/etecia.com.br\/wp-content\/uploads\/2019\/05\/004-Edital-Vagas-Remanescentes-Secretariado_compressed.pdf\" class=\"broken_link\">004 &#8211; T\u00e9cnico em Secretariado<\/a><\/li><li><a href=\"http:\/\/etecia.com.br\/wp-content\/uploads\/2019\/05\/005-Edital-Vagas-Remanescentes-Qu\u00edmica_compressed.pdf\" class=\"broken_link\">005 &#8211; T\u00e9cnico em Qu\u00edmica<\/a><\/li><li><a href=\"http:\/\/etecia.com.br\/wp-content\/uploads\/2019\/05\/006-Edital-Vagas-Remanescentes-ETIM-Qu\u00edmica_compressed.pdf\" class=\"broken_link\">006 &#8211; ETIM de Qu\u00edmica<\/a><\/li><\/ul>\n<\/div>\n\n<div class=\"gridContainer\">\n<p><\/p>\n<\/div>","protected":false},"excerpt":{"rendered":"<p>Publicado edital do processo de vagas remanescentes para o segundo semestre de 2019. Nesse semestre, estar\u00e3o dispon\u00edveis vagas para os segundos m\u00f3dulos de administra\u00e7\u00e3o (sede e CEU Vila Rubi), nutri\u00e7\u00e3o, qu\u00edmica, desenvolvimento de sistemas e secretariado (CEU Vila Rubi), bem como para o primeiro ano do Ensino M\u00e9dio Integrado ao t\u00e9cnico de Qu\u00edmica. As inscri\u00e7\u00f5es&nbsp;&hellip;<\/p>\n","protected":false},"author":1,"featured_media":0,"comment_status":"open","ping_status":"open","sticky":false,"template":"","format":"standard","meta":[],"categories":[2],"tags":[],"_links":{"self":[{"href":"https:\/\/etecia.com.br\/index.php?rest_route=\/wp\/v2\/posts\/3155"}],"collection":[{"href":"https:\/\/etecia.com.br\/index.php?rest_route=\/wp\/v2\/posts"}],"about":[{"href":"https:\/\/etecia.com.br\/index.php?rest_route=\/wp\/v2\/types\/post"}],"author":[{"embeddable":true,"href":"https:\/\/etecia.com.br\/index.php?rest_route=\/wp\/v2\/users\/1"}],"replies":[{"embeddable":true,"href":"https:\/\/etecia.com.br\/index.php?rest_route=%2Fwp%2Fv2%2Fcomments&post=3155"}],"version-history":[{"count":2,"href":"https:\/\/etecia.com.br\/index.php?rest_route=\/wp\/v2\/posts\/3155\/revisions"}],"predecessor-version":[{"id":3165,"href":"https:\/\/etecia.com.br\/index.php?rest_route=\/wp\/v2\/posts\/3155\/revisions\/3165"}],"wp:attachment":[{"href":"https:\/\/etecia.com.br\/index.php?rest_route=%2Fwp%2Fv2%2Fmedia&parent=3155"}],"wp:term":[{"taxonomy":"category","embeddable":true,"href":"https:\/\/etecia.com.br\/index.php?rest_route=%2Fwp%2Fv2%2Fcategories&post=3155"},{"taxonomy":"post_tag","embeddable":true,"href":"https:\/\/etecia.com.br\/index.php?rest_route=%2Fwp%2Fv2%2Ftags&post=3155"}],"curies":[{"name":"wp","href":"https:\/\/api.w.org\/{rel}","templated":true}]}}