{"id":3102,"date":"2019-03-29T09:00:48","date_gmt":"2019-03-29T12:00:48","guid":{"rendered":"https:\/\/etecirmaagostina.com.br\/?p=3102"},"modified":"2019-03-29T09:00:48","modified_gmt":"2019-03-29T12:00:48","slug":"projeto-5s","status":"publish","type":"post","link":"https:\/\/etecia.com.br\/?p=3102","title":{"rendered":"Projeto 5S"},"content":{"rendered":"<div class=\"gridContainer\">\n<figure class=\"wp-block-image\"><img loading=\"lazy\" width=\"959\" height=\"697\" src=\"http:\/\/etecia.com.br\/wp-content\/uploads\/2019\/03\/logo.png\" alt=\"\" class=\"wp-image-3103\" srcset=\"https:\/\/etecia.com.br\/wp-content\/uploads\/2019\/03\/logo.png 959w, https:\/\/etecia.com.br\/wp-content\/uploads\/2019\/03\/logo-300x218.png 300w, https:\/\/etecia.com.br\/wp-content\/uploads\/2019\/03\/logo-768x558.png 768w, https:\/\/etecia.com.br\/wp-content\/uploads\/2019\/03\/logo-250x182.png 250w\" sizes=\"(max-width: 959px) 100vw, 959px\" \/><\/figure>\n<\/div>\n\n<div class=\"gridContainer\">\n<p>Este ano a Etec Irm\u00e3 Agostina est\u00e1 participando\ndo projeto 5S promovido pelo Centro Paula Souza &#8211; CPS. A filosofia dos 5S busca\npromover, atrav\u00e9s da consci\u00eancia e responsabilidade de todos, disciplina,\nseguran\u00e7a e produtividade no&nbsp;ambiente de trabalho.<\/p>\n<\/div>\n\n<div class=\"gridContainer\">\n<p>Neste\nprimeiro momento as \u00e1reas onde estar\u00e3o sendo aplicado os 5S s\u00e3o: laborat\u00f3rio de\nnutri\u00e7\u00e3o, reagent\u00e1rio de qu\u00edmica, sala da coordena\u00e7\u00e3o, sala dos professores, sala\nde aula 1, sala de apoio 5, p\u00e1tio, jardim, elevador, corredores e escadas.<\/p>\n<\/div>\n\n<div class=\"gridContainer\">\n<p>O projeto ser\u00e1 coordenado na UE, pela professora Edilma e uma equipe de professores avaliadores, alocados por \u00e1rea de aplica\u00e7\u00e3o do 5S, sendo eles: Coordenadora do Laborat\u00f3rio de Nutri\u00e7\u00e3o, Prof\u00aa. Carolina; Coordenador do Laborat\u00f3rio de Qu\u00edmica, Prof. F\u00e1bio; Coordenadora do Ensino M\u00e9dio, Prof\u00aa C\u00edntia; Presidente da CIPA Prof\u00aa Maria da Concei\u00e7\u00e3o; Secret\u00e1rio da CIPA Prof. Daniel e com a Prof\u00aa F\u00e1tima do Ensino M\u00e9dio. <\/p>\n<\/div>\n\n<div class=\"gridContainer\">\n<figure class=\"wp-block-image\"><img loading=\"lazy\" width=\"731\" height=\"923\" src=\"http:\/\/etecia.com.br\/wp-content\/uploads\/2019\/03\/otologo.png\" alt=\"\" class=\"wp-image-3104\" srcset=\"https:\/\/etecia.com.br\/wp-content\/uploads\/2019\/03\/otologo.png 731w, https:\/\/etecia.com.br\/wp-content\/uploads\/2019\/03\/otologo-238x300.png 238w, https:\/\/etecia.com.br\/wp-content\/uploads\/2019\/03\/otologo-198x250.png 198w\" sizes=\"(max-width: 731px) 100vw, 731px\" \/><\/figure>\n<\/div>\n\n<div class=\"gridContainer\">\n<p>Em fevereiro, a Etec Irm\u00e3 Agostina recebeu o Gestor de Espa\u00e7o F\u00edsico, do Centro Paula Souza (CPS), respons\u00e1vel pelo Projeto 5S na Etec Irm\u00e3 Agostina. \u00a0Ele apresentou as diretrizes do projeto, as planilhas de controle e fez a capacita\u00e7\u00e3o para os professores que far\u00e3o parte da equipe de avaliadores. Estiveram presentes neste encontro, o Diretor de Servi\u00e7os e a Diretora da Unidade. <\/p>\n<\/div>\n\n<div class=\"gridContainer\">\n<figure class=\"wp-block-image\"><img loading=\"lazy\" width=\"1024\" height=\"575\" src=\"http:\/\/etecia.com.br\/wp-content\/uploads\/2019\/03\/foto-1024x575.jpg\" alt=\"\" class=\"wp-image-3105\" srcset=\"https:\/\/etecia.com.br\/wp-content\/uploads\/2019\/03\/foto-1024x575.jpg 1024w, https:\/\/etecia.com.br\/wp-content\/uploads\/2019\/03\/foto-300x169.jpg 300w, https:\/\/etecia.com.br\/wp-content\/uploads\/2019\/03\/foto-768x431.jpg 768w, https:\/\/etecia.com.br\/wp-content\/uploads\/2019\/03\/foto-250x140.jpg 250w, https:\/\/etecia.com.br\/wp-content\/uploads\/2019\/03\/foto.jpg 1280w\" sizes=\"(max-width: 1024px) 100vw, 1024px\" \/><\/figure>\n<\/div>","protected":false},"excerpt":{"rendered":"<p>Este ano a Etec Irm\u00e3 Agostina est\u00e1 participando do projeto 5S promovido pelo Centro Paula Souza &#8211; CPS. A filosofia dos 5S busca promover, atrav\u00e9s da consci\u00eancia e responsabilidade de todos, disciplina, seguran\u00e7a e produtividade no&nbsp;ambiente de trabalho. Neste primeiro momento as \u00e1reas onde estar\u00e3o sendo aplicado os 5S s\u00e3o: laborat\u00f3rio de nutri\u00e7\u00e3o, reagent\u00e1rio de&nbsp;&hellip;<\/p>\n","protected":false},"author":1,"featured_media":0,"comment_status":"open","ping_status":"open","sticky":false,"template":"","format":"standard","meta":[],"categories":[2,7],"tags":[],"_links":{"self":[{"href":"https:\/\/etecia.com.br\/index.php?rest_route=\/wp\/v2\/posts\/3102"}],"collection":[{"href":"https:\/\/etecia.com.br\/index.php?rest_route=\/wp\/v2\/posts"}],"about":[{"href":"https:\/\/etecia.com.br\/index.php?rest_route=\/wp\/v2\/types\/post"}],"author":[{"embeddable":true,"href":"https:\/\/etecia.com.br\/index.php?rest_route=\/wp\/v2\/users\/1"}],"replies":[{"embeddable":true,"href":"https:\/\/etecia.com.br\/index.php?rest_route=%2Fwp%2Fv2%2Fcomments&post=3102"}],"version-history":[{"count":2,"href":"https:\/\/etecia.com.br\/index.php?rest_route=\/wp\/v2\/posts\/3102\/revisions"}],"predecessor-version":[{"id":3111,"href":"https:\/\/etecia.com.br\/index.php?rest_route=\/wp\/v2\/posts\/3102\/revisions\/3111"}],"wp:attachment":[{"href":"https:\/\/etecia.com.br\/index.php?rest_route=%2Fwp%2Fv2%2Fmedia&parent=3102"}],"wp:term":[{"taxonomy":"category","embeddable":true,"href":"https:\/\/etecia.com.br\/index.php?rest_route=%2Fwp%2Fv2%2Fcategories&post=3102"},{"taxonomy":"post_tag","embeddable":true,"href":"https:\/\/etecia.com.br\/index.php?rest_route=%2Fwp%2Fv2%2Ftags&post=3102"}],"curies":[{"name":"wp","href":"https:\/\/api.w.org\/{rel}","templated":true}]}}