{"id":3089,"date":"2019-03-25T09:43:56","date_gmt":"2019-03-25T12:43:56","guid":{"rendered":"https:\/\/etecirmaagostina.com.br\/?p=3089"},"modified":"2019-03-25T09:43:56","modified_gmt":"2019-03-25T12:43:56","slug":"etec-irma-agostina-oferece-servico-de-declaracao-de-imposto-de-renda","status":"publish","type":"post","link":"https:\/\/etecia.com.br\/?p=3089","title":{"rendered":"ETEC Irm\u00e3 Agostina oferece servi\u00e7o de Declara\u00e7\u00e3o de Imposto de Renda"},"content":{"rendered":"<div class=\"gridContainer\">\n<div class=\"wp-block-image\"><figure class=\"aligncenter\"><img loading=\"lazy\" width=\"506\" height=\"508\" src=\"http:\/\/etecia.com.br\/wp-content\/uploads\/2019\/03\/ir.png\" alt=\"\" class=\"wp-image-3090\" srcset=\"https:\/\/etecia.com.br\/wp-content\/uploads\/2019\/03\/ir.png 506w, https:\/\/etecia.com.br\/wp-content\/uploads\/2019\/03\/ir-150x150.png 150w, https:\/\/etecia.com.br\/wp-content\/uploads\/2019\/03\/ir-300x300.png 300w, https:\/\/etecia.com.br\/wp-content\/uploads\/2019\/03\/ir-250x250.png 250w, https:\/\/etecia.com.br\/wp-content\/uploads\/2019\/03\/ir-48x48.png 48w\" sizes=\"(max-width: 506px) 100vw, 506px\" \/><\/figure><\/div>\n<\/div>\n\n<div class=\"gridContainer\">\n<p>No dia 13 de abril de 2019 a ETEC Irm\u00e3 Agostina ir\u00e1 abrir as portas para a comunidade realizar a declara\u00e7\u00e3o de imposto de renda de pessoa f\u00edsica.<\/p>\n<\/div>\n\n<div class=\"gridContainer\">\n<p>O evento ser\u00e1 das 09h \u00e0s 14h na pr\u00f3pria ETEC, Av. Feliciano Correia, pr\u00f3ximo \u00e0 esta\u00e7\u00e3o aut\u00f3dromo da CPTM. Os interessados devem trazer um 1kg de alimento n\u00e3o perec\u00edvel (exceto sal e a\u00e7\u00facar) e os documentos:<\/p>\n<\/div>\n\n<div class=\"gridContainer\">\n<ul><li>n\u00famero do recibo da \u00faltima declara\u00e7\u00e3o<\/li><li>CPF dos dependentes<\/li><li>T\u00edtulo Eleitoral<\/li><li>CPF e CNPJ das fontes pagadoras<\/li><li>Comprovante Anual de Rendimentos<\/li><li>Comprovante de Gastos (educa\u00e7\u00e3o, sa\u00fade, pens\u00e3o aliment\u00edcia, etc).<\/li><\/ul>\n<\/div>\n\n<div class=\"gridContainer\">\n<p>Antes de comparecer \u00e9 necess\u00e1rio realizar um pr\u00e9-cadastro no site <a href=\"https:\/\/joocarloslima.typeform.com\/to\/xVb62b\">tiny.cc\/eteciaIR<\/a><\/p>\n<\/div>","protected":false},"excerpt":{"rendered":"<p>No dia 13 de abril de 2019 a ETEC Irm\u00e3 Agostina ir\u00e1 abrir as portas para a comunidade realizar a declara\u00e7\u00e3o de imposto de renda de pessoa f\u00edsica. O evento ser\u00e1 das 09h \u00e0s 14h na pr\u00f3pria ETEC, Av. Feliciano Correia, pr\u00f3ximo \u00e0 esta\u00e7\u00e3o aut\u00f3dromo da CPTM. Os interessados devem trazer um 1kg de alimento&nbsp;&hellip;<\/p>\n","protected":false},"author":1,"featured_media":0,"comment_status":"open","ping_status":"open","sticky":false,"template":"","format":"standard","meta":[],"categories":[2],"tags":[],"_links":{"self":[{"href":"https:\/\/etecia.com.br\/index.php?rest_route=\/wp\/v2\/posts\/3089"}],"collection":[{"href":"https:\/\/etecia.com.br\/index.php?rest_route=\/wp\/v2\/posts"}],"about":[{"href":"https:\/\/etecia.com.br\/index.php?rest_route=\/wp\/v2\/types\/post"}],"author":[{"embeddable":true,"href":"https:\/\/etecia.com.br\/index.php?rest_route=\/wp\/v2\/users\/1"}],"replies":[{"embeddable":true,"href":"https:\/\/etecia.com.br\/index.php?rest_route=%2Fwp%2Fv2%2Fcomments&post=3089"}],"version-history":[{"count":1,"href":"https:\/\/etecia.com.br\/index.php?rest_route=\/wp\/v2\/posts\/3089\/revisions"}],"predecessor-version":[{"id":3091,"href":"https:\/\/etecia.com.br\/index.php?rest_route=\/wp\/v2\/posts\/3089\/revisions\/3091"}],"wp:attachment":[{"href":"https:\/\/etecia.com.br\/index.php?rest_route=%2Fwp%2Fv2%2Fmedia&parent=3089"}],"wp:term":[{"taxonomy":"category","embeddable":true,"href":"https:\/\/etecia.com.br\/index.php?rest_route=%2Fwp%2Fv2%2Fcategories&post=3089"},{"taxonomy":"post_tag","embeddable":true,"href":"https:\/\/etecia.com.br\/index.php?rest_route=%2Fwp%2Fv2%2Ftags&post=3089"}],"curies":[{"name":"wp","href":"https:\/\/api.w.org\/{rel}","templated":true}]}}