{"id":307,"date":"2012-03-15T22:28:31","date_gmt":"2012-03-16T01:28:31","guid":{"rendered":"http:\/\/etecia.com.br\/portaletecia\/?p=307"},"modified":"2012-03-15T22:28:31","modified_gmt":"2012-03-16T01:28:31","slug":"febrace-reune-alunos-de-diversas-etecs","status":"publish","type":"post","link":"https:\/\/etecia.com.br\/?p=307","title":{"rendered":"Febrace re\u00fane alunos de diversas ETEC&#039;s"},"content":{"rendered":"<p><a href=\"http:\/\/etecia.com.br\/portaletecia\/wp-content\/uploads\/2012\/08\/febrace1.jpg\" class=\"broken_link\"><img loading=\"lazy\" class=\"alignleft size-medium wp-image-339\" title=\"febrace1\" src=\"http:\/\/etecia.com.br\/portaletecia\/wp-content\/uploads\/2012\/08\/febrace1-300x225.jpg\" alt=\"\" width=\"300\" height=\"225\" \/><\/a>A Febrace &#8211; Feira Brasileira de Ci\u00eancias e Engenharia \u00e9 uma feira que re\u00fane projetos de alunos de ensino m\u00e9dio e t\u00e9cnico de todo o Brasil. A febrace acontece anualmente desde 2002 no campus da USP S\u00e3o Paulo.<\/p>\n<p>Nesse ano a feira contou com a apresenta\u00e7\u00e3o de 320 projetos nas \u00e1reas de sa\u00fade, humanas e engenharia. Entre os trabalhos estavam v\u00e1rios projetos de escolas da rede ETEC como um rob\u00f4\u00a0aut\u00f4nomo\u00a0controlado por programa\u00e7\u00e3o Java.<\/p>\n<p>Em sua 10a. edi\u00e7\u00e3o, a febrace reuniu 748 jovens cientistas de 20 estados diferentes da federa\u00e7\u00e3o. Entre os pr\u00eamios est\u00e3o bolsas de estudo e uma vaga na Intel ISEF &#8211; International Science and Engineering Fair, maior feira internacional do mundo que acontece em maio na Pensilv\u00e2nia, Estados Unidos.<\/p>\n<p><a href=\"http:\/\/etecia.com.br\/portaletecia\/wp-content\/uploads\/2012\/08\/febrace2.jpg\" class=\"broken_link\"><img loading=\"lazy\" class=\"alignright size-medium wp-image-340\" title=\"febrace2\" src=\"http:\/\/etecia.com.br\/portaletecia\/wp-content\/uploads\/2012\/08\/febrace2-300x225.jpg\" alt=\"\" width=\"300\" height=\"225\" \/><\/a>Os alunos da ETECia visitaram a feira no dia 15\/03 e puderam ter contato com trabalhos de alto n\u00edvel que podem servir de inspira\u00e7\u00e3o para o desenvolvimento de seus pr\u00f3prios trabalhos de conclus\u00e3o de curso.<\/p>\n<p>As inscri\u00e7\u00f5es para a Febrace do ano que vem come\u00e7aram e breve, mas voc\u00ea j\u00e1 pode come\u00e7ar o desenvolvimento do seu projeto visando ser um finalista da maior feira de ci\u00eancias do pais. Veja como participar acessado\u00a0<a href=\"http:\/\/febrace.org.br\/como-participar\/\" class=\"broken_link\">http:\/\/febrace.org.br\/como-participar\/<\/a>.<\/p>\n","protected":false},"excerpt":{"rendered":"<p>A Febrace &#8211; Feira Brasileira de Ci\u00eancias e Engenharia \u00e9 uma feira que re\u00fane projetos de alunos de ensino m\u00e9dio e t\u00e9cnico de todo o Brasil. A febrace acontece anualmente desde 2002 no campus da USP S\u00e3o Paulo. Nesse ano a feira contou com a apresenta\u00e7\u00e3o de 320 projetos nas \u00e1reas de sa\u00fade, humanas e&nbsp;&hellip;<\/p>\n","protected":false},"author":1,"featured_media":0,"comment_status":"open","ping_status":"open","sticky":false,"template":"","format":"standard","meta":[],"categories":[5],"tags":[],"_links":{"self":[{"href":"https:\/\/etecia.com.br\/index.php?rest_route=\/wp\/v2\/posts\/307"}],"collection":[{"href":"https:\/\/etecia.com.br\/index.php?rest_route=\/wp\/v2\/posts"}],"about":[{"href":"https:\/\/etecia.com.br\/index.php?rest_route=\/wp\/v2\/types\/post"}],"author":[{"embeddable":true,"href":"https:\/\/etecia.com.br\/index.php?rest_route=\/wp\/v2\/users\/1"}],"replies":[{"embeddable":true,"href":"https:\/\/etecia.com.br\/index.php?rest_route=%2Fwp%2Fv2%2Fcomments&post=307"}],"version-history":[{"count":0,"href":"https:\/\/etecia.com.br\/index.php?rest_route=\/wp\/v2\/posts\/307\/revisions"}],"wp:attachment":[{"href":"https:\/\/etecia.com.br\/index.php?rest_route=%2Fwp%2Fv2%2Fmedia&parent=307"}],"wp:term":[{"taxonomy":"category","embeddable":true,"href":"https:\/\/etecia.com.br\/index.php?rest_route=%2Fwp%2Fv2%2Fcategories&post=307"},{"taxonomy":"post_tag","embeddable":true,"href":"https:\/\/etecia.com.br\/index.php?rest_route=%2Fwp%2Fv2%2Ftags&post=307"}],"curies":[{"name":"wp","href":"https:\/\/api.w.org\/{rel}","templated":true}]}}