{"id":3007,"date":"2019-02-18T09:07:47","date_gmt":"2019-02-18T12:07:47","guid":{"rendered":"https:\/\/etecirmaagostina.com.br\/?p=3007"},"modified":"2019-09-03T19:58:22","modified_gmt":"2019-09-03T22:58:22","slug":"alunos-da-etec-irma-agostina-aprovados-em-universidades-publicas","status":"publish","type":"post","link":"https:\/\/etecia.com.br\/?p=3007","title":{"rendered":"Alunos da ETEC Irm\u00e3 Agostina aprovados em universidades p\u00fablicas"},"content":{"rendered":"<div class=\"gridContainer\">\n<p>Apesar de ser uma escola nova, a ETEC Irm\u00e3 Agostina j\u00e1 acumula diversas aprova\u00e7\u00f5es em universidades p\u00fablicas de todo Brasil.<\/p>\n<\/div>\n\n<div class=\"gridContainer\">\n<div class=\"wp-block-image\"><figure class=\"aligncenter\"><img loading=\"lazy\" width=\"1024\" height=\"683\" src=\"http:\/\/etecia.com.br\/wp-content\/uploads\/2019\/02\/O6T8M90-1024x683.jpg\" alt=\"\" class=\"wp-image-3008\" srcset=\"https:\/\/etecia.com.br\/wp-content\/uploads\/2019\/02\/O6T8M90-1024x683.jpg 1024w, https:\/\/etecia.com.br\/wp-content\/uploads\/2019\/02\/O6T8M90-300x200.jpg 300w, https:\/\/etecia.com.br\/wp-content\/uploads\/2019\/02\/O6T8M90-768x512.jpg 768w, https:\/\/etecia.com.br\/wp-content\/uploads\/2019\/02\/O6T8M90-250x167.jpg 250w\" sizes=\"(max-width: 1024px) 100vw, 1024px\" \/><\/figure><\/div>\n<\/div>\n\n<div class=\"gridContainer\">\n<p>Em 2018 tivemos um recorde de aprova\u00e7\u00f5es. Tudo isso \u00e9 resultado da dedica\u00e7\u00e3o de alunos e professores que desenvolveram um \u00f3timo trabalho ao longo dos \u00faltimos anos.<\/p>\n<\/div>\n\n<div class=\"gridContainer\">\n<p>\u00c9 motivo de orgulho poder colher os frutos do nosso trabalho e saber que a escola foi importante nessa conquista desses jovens que iniciam agora uma nova etapa na vida.<\/p>\n<\/div>\n\n<div class=\"gridContainer\">\n<p>Parab\u00e9ns a todos os alunos.<\/p>\n<\/div>\n\n<div class=\"gridContainer\">\n<table class=\"wp-block-table\"><tbody><tr><td><strong>Aluno<\/strong><\/td><td><strong>Universidade<\/strong><\/td><td><strong>Curso<\/strong><\/td><\/tr><tr><td>Amanda Fabre Nogueira<\/td><td>USP<\/td><td>Letras<\/td><\/tr><tr><td>Barbara Eocadio Thomaz<\/td><td>Federal<\/td><td>Ci\u00eancia e Tecnologia<\/td><\/tr><tr><td>Brendhon Mikael Henriques Carvalho<\/td><td>FATEC<\/td><td>Microeletr\u00f4nica<\/td><\/tr><tr><td>Carolina de Lara Freire<\/td><td>Federal<\/td><td>Secretariado Executivo<\/td><\/tr><tr><td>Danilo de Oliveira Nunes<\/td><td>USP<\/td><td>M\u00fasica<\/td><\/tr><tr><td>Guilherme Santos Ferrace<\/td><td>FATEC<\/td><td>An\u00e1lise e Desenvolvimento de Sistemas<\/td><\/tr><tr><td>Jos\u00e9 Roberto de Oliveira<\/td><td>Federal<\/td><td>Engenharia<\/td><\/tr><tr><td>Julia Beatriz Fonseca de Freitas<\/td><td>Federal<\/td><td>Qu\u00edmica Industrial<\/td><\/tr><tr><td>Julia Merilis Silva<\/td><td>USP<\/td><td>Medicina Veterin\u00e1ria<\/td><\/tr><tr><td>Livia Suemi Moriya dos Santos<\/td><td>USP<\/td><td>Qu\u00edmica<\/td><\/tr><tr><td>Matheus Hideki Tamai<\/td><td>USP<\/td><td>Economia<\/td><\/tr><tr><td>Matheus Viana Gama<\/td><td>USP<\/td><td>Administra\u00e7\u00e3o<\/td><\/tr><tr><td>Mayara Cavalini Rodrigues<\/td><td>USP<\/td><td>Marketing<\/td><\/tr><tr><td>Miguel Mendon\u00e7a da Concei\u00e7\u00e3o<\/td><td>USP<\/td><td>F\u00edsica Computacional<\/td><\/tr><tr><td>Milena de Freitas Nascimento<\/td><td>Federal<\/td><td>Rela\u00e7\u00f5es Internacionais<\/td><\/tr><tr><td>Otavio Scalabrin Hubner<\/td><td>USP<\/td><td>Gest\u00e3o de Pol\u00edticas P\u00fablicas<\/td><\/tr><tr><td>Pablo Souza Eug\u00eanio<\/td><td>USP<\/td><td>Estat\u00edstica<\/td><\/tr><tr><td>Pedro Vitor Rodrigues da Silva<\/td><td>USP<\/td><td>Rela\u00e7\u00f5es Internacionais<\/td><\/tr><tr><td>Pietra Gomes de Paula Silva<\/td><td>USP<\/td><td>Terapia Ocupacional<\/td><\/tr><tr><td>Ramon Souza Caroba<\/td><td>USP<\/td><td>Administra\u00e7\u00e3o<\/td><\/tr><tr><td>Tauana Milene Rodrigues Cabral<\/td><td>UNESP<\/td><td>Engenharia<\/td><\/tr><tr><td>Victor Augusto Marotta Souza Cruz<\/td><td>Federal<\/td><td>Qu\u00edmica<\/td><\/tr><\/tbody><\/table>\n<\/div>","protected":false},"excerpt":{"rendered":"<p>Apesar de ser uma escola nova, a ETEC Irm\u00e3 Agostina j\u00e1 acumula diversas aprova\u00e7\u00f5es em universidades p\u00fablicas de todo Brasil. Em 2018 tivemos um recorde de aprova\u00e7\u00f5es. Tudo isso \u00e9 resultado da dedica\u00e7\u00e3o de alunos e professores que desenvolveram um \u00f3timo trabalho ao longo dos \u00faltimos anos. \u00c9 motivo de orgulho poder colher os frutos&nbsp;&hellip;<\/p>\n","protected":false},"author":1,"featured_media":0,"comment_status":"open","ping_status":"open","sticky":false,"template":"","format":"standard","meta":[],"categories":[2],"tags":[],"_links":{"self":[{"href":"https:\/\/etecia.com.br\/index.php?rest_route=\/wp\/v2\/posts\/3007"}],"collection":[{"href":"https:\/\/etecia.com.br\/index.php?rest_route=\/wp\/v2\/posts"}],"about":[{"href":"https:\/\/etecia.com.br\/index.php?rest_route=\/wp\/v2\/types\/post"}],"author":[{"embeddable":true,"href":"https:\/\/etecia.com.br\/index.php?rest_route=\/wp\/v2\/users\/1"}],"replies":[{"embeddable":true,"href":"https:\/\/etecia.com.br\/index.php?rest_route=%2Fwp%2Fv2%2Fcomments&post=3007"}],"version-history":[{"count":4,"href":"https:\/\/etecia.com.br\/index.php?rest_route=\/wp\/v2\/posts\/3007\/revisions"}],"predecessor-version":[{"id":3296,"href":"https:\/\/etecia.com.br\/index.php?rest_route=\/wp\/v2\/posts\/3007\/revisions\/3296"}],"wp:attachment":[{"href":"https:\/\/etecia.com.br\/index.php?rest_route=%2Fwp%2Fv2%2Fmedia&parent=3007"}],"wp:term":[{"taxonomy":"category","embeddable":true,"href":"https:\/\/etecia.com.br\/index.php?rest_route=%2Fwp%2Fv2%2Fcategories&post=3007"},{"taxonomy":"post_tag","embeddable":true,"href":"https:\/\/etecia.com.br\/index.php?rest_route=%2Fwp%2Fv2%2Ftags&post=3007"}],"curies":[{"name":"wp","href":"https:\/\/api.w.org\/{rel}","templated":true}]}}