{"id":2941,"date":"2019-01-23T10:56:34","date_gmt":"2019-01-23T12:56:34","guid":{"rendered":"https:\/\/etecirmaagostina.com.br\/?p=2941"},"modified":"2019-01-23T10:56:34","modified_gmt":"2019-01-23T12:56:34","slug":"etec-irma-agostina-e-destaque-no-projeto-pense-grande-da-fundacao-telefonica","status":"publish","type":"post","link":"https:\/\/etecia.com.br\/?p=2941","title":{"rendered":"ETEC Irm\u00e3 Agostina \u00e9 destaque no projeto Pense Grande da funda\u00e7\u00e3o telef\u00f4nica"},"content":{"rendered":"<div class=\"gridContainer\">\n<div class=\"wp-block-image\"><figure class=\"alignright\"><img src=\"http:\/\/pensegrande.org.br\/wp-content\/uploads\/2019\/01\/pense-grande-Renata-Borges.jpeg\" alt=\"\"\/><figcaption>Professora Renata Borges<\/figcaption><\/figure><\/div>\n<\/div>\n\n<div class=\"gridContainer\">\n<p>O projeto Pense Grande, da funda\u00e7\u00e3o telef\u00f4nica tem o objetivo de fomentar a criatividade e empreendedorismo nas escolas. <\/p>\n<\/div>\n\n<div class=\"gridContainer\">\n<p>Em 2018 o projeto beneficiou mais de 300 estudantes de 47 escolas e faculdades.<\/p>\n<\/div>\n\n<div class=\"gridContainer\">\n<p>Todos os anos os alunos da ETEC Irm\u00e3 Agostina participam do projeto, trabalhando ao longo de todo o ano letivo em todas as etapas do projeto, desde a concep\u00e7\u00e3o da ideia at\u00e9 o desenvolvimento de prot\u00f3tipo, divulga\u00e7\u00e3o e venda.<\/p>\n<\/div>\n\n<div class=\"gridContainer\">\n<p>Em 2018 o projeto Espa\u00e7o Zen, que tem o objetivo de oferecer um lugar confort\u00e1vel e acolhedor para os alunos utilizando materiais recicl\u00e1veis, ficou em primeiro lugar na disputa com outros 26 projetos.<\/p>\n<\/div>\n\n<div class=\"gridContainer\">\n<p>Parab\u00e9ns a todos os envolvidos no projeto e em breve iniciaremos mais uma jornada de empreendedorismo, aprendendo e pensar grande e fora da caixa.<\/p>\n<\/div>\n\n<div class=\"gridContainer\">\n<p>Veja a reportagem completa que cita a ETEC Irm\u00e3 Agostina em: <a rel=\"noreferrer noopener\" aria-label=\"http:\/\/pensegrande.org.br\/fique-por-dentro\/pense-grande-apoia-protagonismo-jovem-em-jornada-empreendedora\/ (opens in a new tab)\" href=\"http:\/\/pensegrande.org.br\/fique-por-dentro\/pense-grande-apoia-protagonismo-jovem-em-jornada-empreendedora\/\" target=\"_blank\"><strong>http:\/\/pensegrande.org.br\/fique-por-dentro\/pense-grande-apoia-protagonismo-jovem-em-jornada-empreendedora\/<\/strong><\/a><\/p>\n<\/div>\n\n<div class=\"gridContainer\">\n<p><\/p>\n<\/div>\n\n<div class=\"gridContainer\">\n<p><\/p>\n<\/div>","protected":false},"excerpt":{"rendered":"<p>O projeto Pense Grande, da funda\u00e7\u00e3o telef\u00f4nica tem o objetivo de fomentar a criatividade e empreendedorismo nas escolas. Em 2018 o projeto beneficiou mais de 300 estudantes de 47 escolas e faculdades. Todos os anos os alunos da ETEC Irm\u00e3 Agostina participam do projeto, trabalhando ao longo de todo o ano letivo em todas as&nbsp;&hellip;<\/p>\n","protected":false},"author":1,"featured_media":0,"comment_status":"open","ping_status":"open","sticky":false,"template":"","format":"standard","meta":[],"categories":[2],"tags":[],"_links":{"self":[{"href":"https:\/\/etecia.com.br\/index.php?rest_route=\/wp\/v2\/posts\/2941"}],"collection":[{"href":"https:\/\/etecia.com.br\/index.php?rest_route=\/wp\/v2\/posts"}],"about":[{"href":"https:\/\/etecia.com.br\/index.php?rest_route=\/wp\/v2\/types\/post"}],"author":[{"embeddable":true,"href":"https:\/\/etecia.com.br\/index.php?rest_route=\/wp\/v2\/users\/1"}],"replies":[{"embeddable":true,"href":"https:\/\/etecia.com.br\/index.php?rest_route=%2Fwp%2Fv2%2Fcomments&post=2941"}],"version-history":[{"count":2,"href":"https:\/\/etecia.com.br\/index.php?rest_route=\/wp\/v2\/posts\/2941\/revisions"}],"predecessor-version":[{"id":2943,"href":"https:\/\/etecia.com.br\/index.php?rest_route=\/wp\/v2\/posts\/2941\/revisions\/2943"}],"wp:attachment":[{"href":"https:\/\/etecia.com.br\/index.php?rest_route=%2Fwp%2Fv2%2Fmedia&parent=2941"}],"wp:term":[{"taxonomy":"category","embeddable":true,"href":"https:\/\/etecia.com.br\/index.php?rest_route=%2Fwp%2Fv2%2Fcategories&post=2941"},{"taxonomy":"post_tag","embeddable":true,"href":"https:\/\/etecia.com.br\/index.php?rest_route=%2Fwp%2Fv2%2Ftags&post=2941"}],"curies":[{"name":"wp","href":"https:\/\/api.w.org\/{rel}","templated":true}]}}